{"id":1539,"date":"2020-04-16T15:19:36","date_gmt":"2020-04-16T13:19:36","guid":{"rendered":"https:\/\/archivesquarantainearchief.be\/?p=1539"},"modified":"2021-11-08T12:32:33","modified_gmt":"2021-11-08T11:32:33","slug":"crise-covid19-vous-faites-lhistoire","status":"publish","type":"post","link":"http:\/\/archivesquarantainearchief.be\/fr\/2020\/04\/16\/crise-covid19-vous-faites-lhistoire\/","title":{"rendered":"Crise Covid19 : Vous faites l&#8217;Histoire !"},"content":{"rendered":"\n<p>Apr\u00e8s sa <a href=\"http:\/\/www.vivreici.be\/article\/detail_coronavirus-collecter-les-archives-pour-ne-pas-oublier?id=398762\" target=\"_blank\" rel=\"noreferrer noopener\" aria-label=\"carte blanche (opens in a new tab)\">carte blanche<\/a>, Marie Capart historienne-g\u00e9n\u00e9alogiste s&#8217;inscrit dans la d\u00e9marche de r\u00e9colte des t\u00e9moignages et divers documents produits durant cette crise sanitaire en lan\u00e7ant l&#8217;initiative  &#8220;Crise Covid19 : Vous faites l&#8217;histoire&#8221;.<\/p>\n\n\n\n<p>Aid\u00e9e par Ali\u00e9nor Gandanger, \u00e9tudiante en Master Histoire, <a rel=\"noreferrer noopener\" aria-label=\"une page facebook (opens in a new tab)\" href=\"https:\/\/www.facebook.com\/Covid19Archives\/\" target=\"_blank\">une page facebook<\/a> d\u00e9di\u00e9e \u00e0 la r\u00e9colte d\u2019archives priv\u00e9es li\u00e9es \u00e0 la crise Covid-19 et au ressenti des citoyens en Belgique et ailleurs, virtuel ou non (mots, documents, affiches de soutien, point de vue alimentation, vie familiale, f\u00eates (p\u00e2ques, pessah, ramadan&#8230;), \u00e9cole \u00e0&nbsp; la maison, t\u00e9l\u00e9travail, couture ou bricolage maison li\u00e9 \u00e0 la crise, gestion animaux, gestion sortie, applaudissement de 20h, voisins, distance sociale, sortie en masques, masques originaux, visite de services d&#8217;urgences, ambulances devant habitation, v\u00e9cu journalier du personnel soignant dans leur vie priv\u00e9e etc. &#8230;) a \u00e9t\u00e9 mise en place.<\/p>\n\n\n\n<p>Vous \u00eates une famille ? Vous avez produit ou immortalis\u00e9 des documents (petit mot pour voisin, infirmi\u00e8res, mots pour \u00e9boueurs, dessins d&#8217;enfants, liste de courses etc.) ? Contactez  archivescovid19@gmail.com  <\/p>\n","protected":false},"excerpt":{"rendered":"<p>Apr\u00e8s sa carte blanche, Marie Capart historienne-g\u00e9n\u00e9alogiste s&#8217;inscrit dans la d\u00e9marche de r\u00e9colte des t\u00e9moignages et divers documents produits durant cette crise sanitaire en lan\u00e7ant l&#8217;initiative  &#8220;Crise Covid19 : Vous faites l&#8217;histoire&#8221;<\/p>\n","protected":false},"author":6,"featured_media":2119,"comment_status":"open","ping_status":"open","sticky":false,"template":"","format":"standard","meta":{"_links_to":"","_links_to_target":""},"categories":[179,180,6,63],"tags":[10,15,49],"uagb_featured_image_src":{"full":["https:\/\/archivesquarantainearchief.be\/wp-content\/uploads\/2020\/04\/archives_marie_cappart.png",900,400,false],"thumbnail":["https:\/\/archivesquarantainearchief.be\/wp-content\/uploads\/2020\/04\/archives_marie_cappart-150x150.png",150,150,true],"medium":["https:\/\/archivesquarantainearchief.be\/wp-content\/uploads\/2020\/04\/archives_marie_cappart-300x133.png",300,133,true],"medium_large":["https:\/\/archivesquarantainearchief.be\/wp-content\/uploads\/2020\/04\/archives_marie_cappart-768x341.png",768,341,true],"large":["https:\/\/archivesquarantainearchief.be\/wp-content\/uploads\/2020\/04\/archives_marie_cappart.png",900,400,false],"1536x1536":["https:\/\/archivesquarantainearchief.be\/wp-content\/uploads\/2020\/04\/archives_marie_cappart.png",900,400,false],"2048x2048":["https:\/\/archivesquarantainearchief.be\/wp-content\/uploads\/2020\/04\/archives_marie_cappart.png",900,400,false],"trp-custom-language-flag":["https:\/\/archivesquarantainearchief.be\/wp-content\/uploads\/2020\/04\/archives_marie_cappart.png",18,8,false],"neve-blog":["https:\/\/archivesquarantainearchief.be\/wp-content\/uploads\/2020\/04\/archives_marie_cappart.png",900,400,false],"audioigniter_cover":["https:\/\/archivesquarantainearchief.be\/wp-content\/uploads\/2020\/04\/archives_marie_cappart.png",560,249,false]},"uagb_author_info":{"display_name":"Sarah Lessire","author_link":"http:\/\/archivesquarantainearchief.be\/fr\/author\/slessire\/"},"uagb_comment_info":1,"uagb_excerpt":"Apr\u00e8s sa carte blanche, Marie Capart historienne-g\u00e9n\u00e9alogiste s'inscrit dans la d\u00e9marche de r\u00e9colte des t\u00e9moignages et divers documents produits durant cette crise sanitaire en lan\u00e7ant l'initiative \"Crise Covid19 : Vous faites l'histoire\"","_links":{"self":[{"href":"http:\/\/archivesquarantainearchief.be\/fr\/wp-json\/wp\/v2\/posts\/1539"}],"collection":[{"href":"http:\/\/archivesquarantainearchief.be\/fr\/wp-json\/wp\/v2\/posts"}],"about":[{"href":"http:\/\/archivesquarantainearchief.be\/fr\/wp-json\/wp\/v2\/types\/post"}],"author":[{"embeddable":true,"href":"http:\/\/archivesquarantainearchief.be\/fr\/wp-json\/wp\/v2\/users\/6"}],"replies":[{"embeddable":true,"href":"http:\/\/archivesquarantainearchief.be\/fr\/wp-json\/wp\/v2\/comments?post=1539"}],"version-history":[{"count":3,"href":"http:\/\/archivesquarantainearchief.be\/fr\/wp-json\/wp\/v2\/posts\/1539\/revisions"}],"predecessor-version":[{"id":1545,"href":"http:\/\/archivesquarantainearchief.be\/fr\/wp-json\/wp\/v2\/posts\/1539\/revisions\/1545"}],"wp:featuredmedia":[{"embeddable":true,"href":"http:\/\/archivesquarantainearchief.be\/fr\/wp-json\/wp\/v2\/media\/2119"}],"wp:attachment":[{"href":"http:\/\/archivesquarantainearchief.be\/fr\/wp-json\/wp\/v2\/media?parent=1539"}],"wp:term":[{"taxonomy":"category","embeddable":true,"href":"http:\/\/archivesquarantainearchief.be\/fr\/wp-json\/wp\/v2\/categories?post=1539"},{"taxonomy":"post_tag","embeddable":true,"href":"http:\/\/archivesquarantainearchief.be\/fr\/wp-json\/wp\/v2\/tags?post=1539"}],"curies":[{"name":"wp","href":"https:\/\/api.w.org\/{rel}","templated":true}]}}