{"id":2681,"date":"2020-09-23T13:37:47","date_gmt":"2020-09-23T11:37:47","guid":{"rendered":"https:\/\/archivesquarantainearchief.be\/?p=2681"},"modified":"2020-09-23T15:12:09","modified_gmt":"2020-09-23T13:12:09","slug":"hommage-au-personnel-soignant-par-la-creation-artistique","status":"publish","type":"post","link":"http:\/\/archivesquarantainearchief.be\/fr\/2020\/09\/23\/hommage-au-personnel-soignant-par-la-creation-artistique\/","title":{"rendered":"Hommage au personnel soignant par la cr\u00e9ation artistique"},"content":{"rendered":"\n<p>Quoi de mieux que l&#8217;art pour exprimer ses \u00e9motions, ses \u00e9tats d\u2019\u00e2me et ext\u00e9rioriser ce que l&#8217;on vit !? <\/p>\n\n\n\n<p>C&#8217;est ce qu&#8217;\u00e0 choisi Georges Seconde, originaire de Bruxelles pour rendre hommage au personnel soignant \u00e0 sa mani\u00e8re.<\/p>\n\n\n\n<p><strong>Les 20 dessins-collages figuratifs de la \u00ab&nbsp;Suite Corona&nbsp;\u00bb &#8211; au format de 55,2 x 73,1 sur papier Canson &#8211; ont \u00e9t\u00e9 r\u00e9alis\u00e9s tout au long des trois mois de confinement d\u00e9cr\u00e9t\u00e9s dans le cadre de cette crise sanitaire in\u00e9dite.&nbsp; T\u00e9moins actifs de cette douloureuse p\u00e9riode de notre histoire, ces portraits constituent la mani\u00e8re pour l&#8217;auteur de rendre un hommage appuy\u00e9 aux intervenants de premi\u00e8re ligne dans les \u00ab&nbsp;Unit\u00e9s Covid 19&nbsp;\u00bb en les montrant expos\u00e9s, soud\u00e9s c\u00f4te \u00e0 c\u00f4te dans l&#8217;effervescence de ce combat tr\u00e8s in\u00e9gal au contact risqu\u00e9 de malades contamin\u00e9s et pour beaucoup trop d&#8217;entre eux, h\u00e9las incurables<\/strong>.<\/p>\n\n\n\n<p>L&#8217;auteur nous confie que &#8220;le parti &#8220;pris pleines couleurs&#8221; s&#8217;est impos\u00e9 comme le marqueur oblig\u00e9 de leur courage et leur espoirs tenaces&#8221;.<\/p>\n\n\n\n<figure class=\"wp-block-image size-large is-resized\"><img loading=\"lazy\" src=\"https:\/\/archivesquarantainearchief.be\/wp-content\/uploads\/2020\/09\/12-1-780x1024.jpg\" alt=\"\" class=\"wp-image-2688\" width=\"495\" height=\"650\" srcset=\"https:\/\/archivesquarantainearchief.be\/wp-content\/uploads\/2020\/09\/12-1-780x1024.jpg 780w, https:\/\/archivesquarantainearchief.be\/wp-content\/uploads\/2020\/09\/12-1-228x300.jpg 228w, https:\/\/archivesquarantainearchief.be\/wp-content\/uploads\/2020\/09\/12-1-768x1009.jpg 768w, https:\/\/archivesquarantainearchief.be\/wp-content\/uploads\/2020\/09\/12-1-1170x1536.jpg 1170w, https:\/\/archivesquarantainearchief.be\/wp-content\/uploads\/2020\/09\/12-1-1559x2048.jpg 1559w, https:\/\/archivesquarantainearchief.be\/wp-content\/uploads\/2020\/09\/12-1-scaled.jpg 1949w\" sizes=\"(max-width: 495px) 100vw, 495px\" \/><figcaption>@Georges Seconde , suite Corona<\/figcaption><\/figure>\n\n\n\n<p><\/p>\n","protected":false},"excerpt":{"rendered":"<p>Quoi de mieux que l&#8217;art pour exprimer ses \u00e9motions, ses \u00e9tats d&#8217;\u00e2me et ext\u00e9rioriser que l&#8217;on vit ? C&#8217;est ce qu&#8217;\u00e0 choisi Georges Seconde, originaire de Bruxelles pour rendre hommage au personne soignant \u00e0 sa mani\u00e8re.<\/p>\n","protected":false},"author":6,"featured_media":0,"comment_status":"open","ping_status":"open","sticky":false,"template":"","format":"standard","meta":{"_links_to":"","_links_to_target":""},"categories":[5,60],"tags":[38,39,30,34],"uagb_featured_image_src":{"full":false,"thumbnail":false,"medium":false,"medium_large":false,"large":false,"1536x1536":false,"2048x2048":false,"trp-custom-language-flag":false,"neve-blog":false,"audioigniter_cover":false},"uagb_author_info":{"display_name":"Sarah Lessire","author_link":"http:\/\/archivesquarantainearchief.be\/fr\/author\/slessire\/"},"uagb_comment_info":4,"uagb_excerpt":"Quoi de mieux que l'art pour exprimer ses \u00e9motions, ses \u00e9tats d'\u00e2me et ext\u00e9rioriser que l'on vit ? C'est ce qu'\u00e0 choisi Georges Seconde, originaire de Bruxelles pour rendre hommage au personne soignant \u00e0 sa mani\u00e8re.","_links":{"self":[{"href":"http:\/\/archivesquarantainearchief.be\/fr\/wp-json\/wp\/v2\/posts\/2681"}],"collection":[{"href":"http:\/\/archivesquarantainearchief.be\/fr\/wp-json\/wp\/v2\/posts"}],"about":[{"href":"http:\/\/archivesquarantainearchief.be\/fr\/wp-json\/wp\/v2\/types\/post"}],"author":[{"embeddable":true,"href":"http:\/\/archivesquarantainearchief.be\/fr\/wp-json\/wp\/v2\/users\/6"}],"replies":[{"embeddable":true,"href":"http:\/\/archivesquarantainearchief.be\/fr\/wp-json\/wp\/v2\/comments?post=2681"}],"version-history":[{"count":3,"href":"http:\/\/archivesquarantainearchief.be\/fr\/wp-json\/wp\/v2\/posts\/2681\/revisions"}],"predecessor-version":[{"id":2693,"href":"http:\/\/archivesquarantainearchief.be\/fr\/wp-json\/wp\/v2\/posts\/2681\/revisions\/2693"}],"wp:attachment":[{"href":"http:\/\/archivesquarantainearchief.be\/fr\/wp-json\/wp\/v2\/media?parent=2681"}],"wp:term":[{"taxonomy":"category","embeddable":true,"href":"http:\/\/archivesquarantainearchief.be\/fr\/wp-json\/wp\/v2\/categories?post=2681"},{"taxonomy":"post_tag","embeddable":true,"href":"http:\/\/archivesquarantainearchief.be\/fr\/wp-json\/wp\/v2\/tags?post=2681"}],"curies":[{"name":"wp","href":"https:\/\/api.w.org\/{rel}","templated":true}]}}