{"id":2833,"date":"2020-12-09T16:55:52","date_gmt":"2020-12-09T15:55:52","guid":{"rendered":"https:\/\/archivesquarantainearchief.be\/?p=2833"},"modified":"2021-11-08T12:31:40","modified_gmt":"2021-11-08T11:31:40","slug":"larchivage-du-confinement-sinvite-au-festival-jeu-de-loie-de-luniversite-daix-marseille","status":"publish","type":"post","link":"http:\/\/archivesquarantainearchief.be\/fr\/2020\/12\/09\/larchivage-du-confinement-sinvite-au-festival-jeu-de-loie-de-luniversite-daix-marseille\/","title":{"rendered":"L&#8217;archivage du confinement s&#8217;invite au festival &#8220;Jeu de l&#8217;Oie&#8221; de l&#8217;universit\u00e9 d&#8217;Aix-Marseille"},"content":{"rendered":"\n<p>Depuis avril 2020, les centres et services d&#8217;archives collectent les t\u00e9moignages et sources pouvant documenter la crise sanitaire actuelle afin de garantir aux futurs chercheurs et aux historiens la possibilit\u00e9 d&#8217;\u00e9crire l&#8217;histoire. Cette collecte du pr\u00e9sent pose de <strong>nombreuses questions et d\u00e9fis aux archivistes<\/strong>, notamment par la nature presque exclusivement num\u00e9rique des documents. <\/p>\n\n\n\n<p>Dans un pr\u00e9c\u00e9dent article, nous avons fait <a rel=\"noreferrer noopener\" aria-label=\" le point sur les campagnes de collecte d'archives \u00e9lectroniques de quelques centres d'archives en Belgique (opens in a new tab)\" href=\"https:\/\/archivesquarantainearchief.be\/fr\/2020\/07\/02\/archiver-le-web-en-confinement-le-temoignage-de-centres-et-services-darchives\/\" target=\"_blank\">le point sur les campagnes de collecte d&#8217;archives \u00e9lectroniques de quelques centres d&#8217;archives en Belgique<\/a>.  <strong>Mais comment les centres d&#8217;archives en France ont-ils organis\u00e9 la collecte de t\u00e9moignages durant la crise ?<\/strong> Pour r\u00e9pondre \u00e0 cette question, nous vous invitons \u00e0 prendre part au <a rel=\"noreferrer noopener\" aria-label=\"Festival des sciences sociales et des arts &quot;Jeu de l'oie&quot;. (opens in a new tab)\" href=\"https:\/\/festivaljeudeloie.fr\/\" target=\"_blank\">Festival des sciences sociales et des arts &#8220;Jeu de l&#8217;Oie&#8221;<\/a> organis\u00e9 du 10 d\u00e9cembre au 12 d\u00e9cembre 2020.<\/p>\n\n\n\n<p>Pour leur deuxi\u00e8me \u00e9dition,  l&#8217;Universit\u00e9 d&#8217;Aix-Marseille propose une \u00e9dition num\u00e9rique ax\u00e9e sur des t\u00e9moignages, d\u00e9bats scientifiques, exp\u00e9riences p\u00e9dagogiques et cr\u00e9ations artistiques pour investir autrement l\u2019avenir. <\/p>\n\n\n\n<blockquote class=\"wp-block-quote has-text-align-left\"><p>\u00ab  A sa fa\u00e7on, en 2020, le Festival des sciences sociales et des arts &#8220;Jeu de l\u2019Oie&#8221; s\u2019est empar\u00e9 de ces moments de brusques confinements &#8211; ces &#8220;espace-temps&#8221; devenus presque familiers &#8211; pour en \u00e9clairer des exp\u00e9riences individuelles in\u00e9dites, des partages de solidarit\u00e9s, des jubilations cr\u00e9atives ou pour en d\u00e9crypter la part des points de vue contradictoires, des doutes n\u00e9cessaires et des d\u00e9bats \u00e0 mener. Ce festival a d\u00e9sormais une fonction \u00e0 la fois symbolique et incontournable : porter les sciences sociales et les arts sur le devant de la sc\u00e8ne. Dans ce jeu de soci\u00e9t\u00e9, on jette les d\u00e9s et on contribue \u00e0 r\u00e9inventer le pr\u00e9sent et l\u2019avenir. \u00bb <\/p><cite> Maryline Crivello, Coordinatrice scientifique du festival, Vice-pr\u00e9sidente d\u2019Aix-Marseille Universit\u00e9 <\/cite><\/blockquote>\n\n\n\n<p>Dans le cadre de la programmation, une attention particuli\u00e8re a \u00e9t\u00e9 port\u00e9e \u00e0 l&#8217;<strong>enjeu de l&#8217;archivage en p\u00e9riode de confinement. <\/strong>Nous vous invitons \u00e0 \u00e9couter \u00e0 la table ronde <strong>&#8220;Vivre au temps du confinement : comment document ?&#8221; diffus\u00e9e le 11 d\u00e9cembre \u00e0 11 heures et \u00e0 participer aux discussions en visio-conf\u00e9rence d\u00e8s 12 heures. <\/strong>Lors de cette table ronde, plusieurs centres d&#8217;archives seront pr\u00e9sents :  Fran\u00e7ois Petrazoller pour collecte des Archives des Vosges, Christine Dupont pour le Mus\u00e9e de l&#8217;histoire europ\u00e9enne, Sarah Gensburger (CNRS-ISP, D\u00e9fi collaboratif Vitrines en confinement), Cl\u00e9mentine Spiler &amp; Romain Jeanticou (Podcast Confin\u00e9e.e.s), Aude Fanlo et Simon Le Roulley (collecte du Mucem).<br> <\/p>\n\n\n\n<p><strong>Pour participer<\/strong> : <\/p>\n\n\n\n<ul><li><strong>\u00c0 la table ronde<\/strong> : <a rel=\"noreferrer noopener\" href=\"https:\/\/eur03.safelinks.protection.outlook.com\/?url=https%3A%2F%2Ffestivaljeudeloie.fr%2F&amp;data=04%7C01%7Cveronique.fillieux%40uclouvain.be%7C4ce5578324b940e60e8708d89b813176%7C7ab090d4fa2e4ecfbc7c4127b4d582ec%7C0%7C0%7C637430326486797488%7CUnknown%7CTWFpbGZsb3d8eyJWIjoiMC4wLjAwMDAiLCJQIjoiV2luMzIiLCJBTiI6Ik1haWwiLCJXVCI6Mn0%3D%7C1000&amp;sdata=c%2F0M9tA%2FDT8HURNHU9iZjZxylOp0m4THCQjsl0Z2vV8%3D&amp;reserved=0\" target=\"_blank\">https:\/\/festivaljeudeloie.fr\/<\/a><\/li><li><strong>Aux discussions<\/strong> :  <a rel=\"noreferrer noopener\" href=\"https:\/\/eur03.safelinks.protection.outlook.com\/?url=https%3A%2F%2Fguest.lifesize.com%2F6146946&amp;data=04%7C01%7Cveronique.fillieux%40uclouvain.be%7C4ce5578324b940e60e8708d89b813176%7C7ab090d4fa2e4ecfbc7c4127b4d582ec%7C0%7C0%7C637430326486797488%7CUnknown%7CTWFpbGZsb3d8eyJWIjoiMC4wLjAwMDAiLCJQIjoiV2luMzIiLCJBTiI6Ik1haWwiLCJXVCI6Mn0%3D%7C1000&amp;sdata=s62LNHhuKithvtbJVr414eExER85XIz5sroNKNHnnmE%3D&amp;reserved=0\" target=\"_blank\">https:\/\/guest.lifesize.com\/6146946<\/a> <\/li><\/ul>\n\n\n\n<p><\/p>\n","protected":false},"excerpt":{"rendered":"<p>Depuis avril 2020, les centres et services d&#8217;archives collectent les t\u00e9moignages et sources pouvant documenter la crise sanitaire actuelle afin de garantir aux futurs chercheurs et aux historiens la possibilit\u00e9 d&#8217;\u00e9crire l&#8217;histoire. Cette collecte du pr\u00e9sent pose de nombreuses questions et d\u00e9fis aux archivistes, notamment par la nature presque exclusivement num\u00e9rique des documents. Dans un&hellip;&nbsp;<a href=\"http:\/\/archivesquarantainearchief.be\/fr\/2020\/12\/09\/larchivage-du-confinement-sinvite-au-festival-jeu-de-loie-de-luniversite-daix-marseille\/\" class=\"\" rel=\"bookmark\">Lire la suite &raquo;<span class=\"screen-reader-text\">L&#8217;archivage du confinement s&#8217;invite au festival &#8220;Jeu de l&#8217;Oie&#8221; de l&#8217;universit\u00e9 d&#8217;Aix-Marseille<\/span><\/a><\/p>\n","protected":false},"author":6,"featured_media":2850,"comment_status":"open","ping_status":"open","sticky":false,"template":"","format":"standard","meta":{"_links_to":"","_links_to_target":""},"categories":[179,180,6,63],"tags":[],"uagb_featured_image_src":{"full":["https:\/\/archivesquarantainearchief.be\/wp-content\/uploads\/2020\/12\/festival_aix.jpg",930,400,false],"thumbnail":["https:\/\/archivesquarantainearchief.be\/wp-content\/uploads\/2020\/12\/festival_aix-150x150.jpg",150,150,true],"medium":["https:\/\/archivesquarantainearchief.be\/wp-content\/uploads\/2020\/12\/festival_aix-300x129.jpg",300,129,true],"medium_large":["https:\/\/archivesquarantainearchief.be\/wp-content\/uploads\/2020\/12\/festival_aix-768x330.jpg",768,330,true],"large":["https:\/\/archivesquarantainearchief.be\/wp-content\/uploads\/2020\/12\/festival_aix.jpg",930,400,false],"1536x1536":["https:\/\/archivesquarantainearchief.be\/wp-content\/uploads\/2020\/12\/festival_aix.jpg",930,400,false],"2048x2048":["https:\/\/archivesquarantainearchief.be\/wp-content\/uploads\/2020\/12\/festival_aix.jpg",930,400,false],"trp-custom-language-flag":["https:\/\/archivesquarantainearchief.be\/wp-content\/uploads\/2020\/12\/festival_aix-16x7.jpg",16,7,true],"neve-blog":["https:\/\/archivesquarantainearchief.be\/wp-content\/uploads\/2020\/12\/festival_aix.jpg",930,400,false],"audioigniter_cover":["https:\/\/archivesquarantainearchief.be\/wp-content\/uploads\/2020\/12\/festival_aix.jpg",560,241,false]},"uagb_author_info":{"display_name":"Sarah Lessire","author_link":"http:\/\/archivesquarantainearchief.be\/fr\/author\/slessire\/"},"uagb_comment_info":1,"uagb_excerpt":"Depuis avril 2020, les centres et services d&#8217;archives collectent les t\u00e9moignages et sources pouvant documenter la crise sanitaire actuelle afin de garantir aux futurs chercheurs et aux historiens la possibilit\u00e9 d&#8217;\u00e9crire l&#8217;histoire. Cette collecte du pr\u00e9sent pose de nombreuses questions et d\u00e9fis aux archivistes, notamment par la nature presque exclusivement num\u00e9rique des documents. Dans un&hellip;&nbsp;Lire&hellip;","_links":{"self":[{"href":"http:\/\/archivesquarantainearchief.be\/fr\/wp-json\/wp\/v2\/posts\/2833"}],"collection":[{"href":"http:\/\/archivesquarantainearchief.be\/fr\/wp-json\/wp\/v2\/posts"}],"about":[{"href":"http:\/\/archivesquarantainearchief.be\/fr\/wp-json\/wp\/v2\/types\/post"}],"author":[{"embeddable":true,"href":"http:\/\/archivesquarantainearchief.be\/fr\/wp-json\/wp\/v2\/users\/6"}],"replies":[{"embeddable":true,"href":"http:\/\/archivesquarantainearchief.be\/fr\/wp-json\/wp\/v2\/comments?post=2833"}],"version-history":[{"count":3,"href":"http:\/\/archivesquarantainearchief.be\/fr\/wp-json\/wp\/v2\/posts\/2833\/revisions"}],"predecessor-version":[{"id":2851,"href":"http:\/\/archivesquarantainearchief.be\/fr\/wp-json\/wp\/v2\/posts\/2833\/revisions\/2851"}],"wp:featuredmedia":[{"embeddable":true,"href":"http:\/\/archivesquarantainearchief.be\/fr\/wp-json\/wp\/v2\/media\/2850"}],"wp:attachment":[{"href":"http:\/\/archivesquarantainearchief.be\/fr\/wp-json\/wp\/v2\/media?parent=2833"}],"wp:term":[{"taxonomy":"category","embeddable":true,"href":"http:\/\/archivesquarantainearchief.be\/fr\/wp-json\/wp\/v2\/categories?post=2833"},{"taxonomy":"post_tag","embeddable":true,"href":"http:\/\/archivesquarantainearchief.be\/fr\/wp-json\/wp\/v2\/tags?post=2833"}],"curies":[{"name":"wp","href":"https:\/\/api.w.org\/{rel}","templated":true}]}}