{"id":2410,"date":"2020-06-03T15:56:58","date_gmt":"2020-06-03T13:56:58","guid":{"rendered":"https:\/\/archivesquarantainearchief.be\/?p=2410"},"modified":"2021-11-08T12:31:40","modified_gmt":"2021-11-08T11:31:40","slug":"paroles-deducatrices-et-deducateurs-en-periode-de-confinement","status":"publish","type":"post","link":"http:\/\/archivesquarantainearchief.be\/nl\/2020\/06\/03\/paroles-deducatrices-et-deducateurs-en-periode-de-confinement\/","title":{"rendered":"Paroles d\u2019\u00e9ducatrices et d\u2019\u00e9ducateurs en p\u00e9riode de confinement"},"content":{"rendered":"<p>L\u2019appel \u00e0 t\u00e9moins lanc\u00e9 par le Carhop et Rhizome a\n\u00e9t\u00e9 entendu. Autant les \u00e9ducateurs et les \u00e9ducatrices qui travaillent dans le\nsecteur de l\u2019aide \u00e0 la jeunesse que dans celui de l\u2019handicap, la crise du\nCovid, comme ils et elles en t\u00e9moignent dans leurs interviews, les a fortement\nsecou\u00e9.e.s.<\/p>\n\n\n\n<p>Comment, en tant que travailleurs et travailleuses\nde terrain d\u2019abord et avant tout, peut-on exercer son m\u00e9tier alors que la\ndistanciation physique s\u2019impose pour enrayer la progression du virus&nbsp;?<\/p>\n\n\n\n<p>La r\u00e9ponse semble \u00eatre mission impossible. Face \u00e0\ncette situation, \u00e0 laquelle ils et elles n\u2019\u00e9taient pas pr\u00e9par\u00e9s, les \u00e9ducateurs\net les \u00e9ducatrices ont d\u00fb improviser souvent avec beaucoup de cr\u00e9ativit\u00e9.\nPourtant, les permanences se limitent \u00e0 des situations d\u2019urgence et les\nactivit\u00e9s \u00e9ducatives s\u2019apparentent plus \u00e0 du gardiennage ou de l\u2019occupationnel.\nCes travailleurs et travailleuses n\u2019ont tout simplement pas pu exercer leur\nm\u00e9tier au point, que certain.e.s se questionnent sur le sens de leur travail. <\/p>\n\n\n\n<p>De cette impossibilit\u00e9 d\u00e9coule une grande fatigue professionnelle. Travailleurs et travailleuses de 1ere ligne, ils et elles ont, de plus, craint pour leur sant\u00e9 et celle des personnes dont ils et elles ont la charge faute de masques ad\u00e9quats assurant leur s\u00e9curit\u00e9. Si aujourd\u2019hui, les protections ne font plus d\u00e9faut, la mise en veille d\u2019activit\u00e9s \u00e9ducatives et essentielles \u00e0 leurs yeux plombent encore leurs horizons.<\/p>\n\n\n\n<p>Voici quelques moments choisis de leurs r\u00e9cits.<\/p>\n\n\n\n<p>Florent Blein est \u00e9ducateur dans une organisation internationale pour jeunes pr\u00e9caris\u00e9s. Dynamo international Mobilit\u00e9 accompagne des jeunes de 13 \u00e0 25 ans et leur propose des activit\u00e9s qu\u2019ils n\u2019auraient pas os\u00e9 r\u00eaver. Des voyages notamment et des \u00e9changes internationaux. Mais voil\u00e0, \u00e0 l\u2019heure de la crise sanitaire, on ne voyage plus&nbsp;! Ces jeunes pr\u00e9caris\u00e9s consacrent leur \u00e9nergie \u00e0 leur survie. Florent constate que les in\u00e9galit\u00e9s face au Covid se rajoutent \u00e0 celles d\u2019avant. Il s\u2019inqui\u00e8te aussi pour cette g\u00e9n\u00e9ration&nbsp;: comment r\u00eaver son avenir quand celui-ci est incertain et angoissant&nbsp;?<\/p>\n\n\n\n<figure class=\"wp-block-audio\"><audio controls src=\"https:\/\/archivesquarantainearchief.be\/wp-content\/uploads\/2020\/06\/20200505_Blein_Florent_JJ-Segment-1.mp3\"><\/audio><\/figure>\n\n\n\n<p><\/p>\n\n\n\n<p>Chlo\u00e9 Antoine est \u00e9ducatrice dans un centre d\u2019h\u00e9bergement qui accueille des handicap\u00e9s mentaux. Les r\u00e9sidents du centre sont vieillissants. Ils et elles ont entre 40 et 89 ans. Suite au confinement, le centre de jour a \u00e9t\u00e9 ferm\u00e9. Cela a signifi\u00e9 l\u2019arr\u00eat d\u2019activit\u00e9s \u00e9ducatives et stimulantes comme l\u2019hippoth\u00e9rapie par exemple. Et ce n\u2019est pas tout, il faut rajouter l\u2019interruption des sorties \u00e0 l\u2019ext\u00e9rieur, des visites de la famille ou de proches, \u2026 Le t\u00e9moignage de Chlo\u00e9 laisse entendre une grande fatigue, les journ\u00e9es de travail sont de 11 heures depuis le Covid. De la col\u00e8re aussi, la saga des masques ne les a pas \u00e9pargn\u00e9s. Des questionnements aussi, comment donner du sens \u00e0 un m\u00e9tier qui ne ressemble plus \u00e0 celui pour lequel elle a \u00e9t\u00e9 form\u00e9e et auquel, elle adh\u00e9rait\u00a0?  <\/p>\n\n\n\n<figure class=\"wp-block-audio\"><audio controls src=\"https:\/\/archivesquarantainearchief.be\/wp-content\/uploads\/2020\/06\/20200513_Antoine_Chlo\u00e9_JJ-Segment-1.mp3\"><\/audio><\/figure>\n\n\n\n<p><\/p>\n\n\n\n<p class=\"has-text-align-right\">Josiane Jacoby, sociologue au Carhop asbl <\/p>","protected":false},"excerpt":{"rendered":"<p>L\u2019appel \u00e0 t\u00e9moins lanc\u00e9 par le Carhop et Rhizome a \u00e9t\u00e9 entendu. Autant les \u00e9ducateurs et les \u00e9ducatrices qui travaillent dans le secteur de l\u2019aide \u00e0 la jeunesse que dans celui de l\u2019handicap, la crise du Covid, comme ils et elles en t\u00e9moignent dans leurs interviews, les a fortement secou\u00e9.e.s. Comment, en tant que travailleurs&hellip;&nbsp;<a href=\"http:\/\/archivesquarantainearchief.be\/nl\/2020\/06\/03\/paroles-deducatrices-et-deducateurs-en-periode-de-confinement\/\" class=\"\" rel=\"bookmark\">Lees verder &raquo;<span class=\"screen-reader-text\">Paroles d\u2019\u00e9ducatrices et d\u2019\u00e9ducateurs en p\u00e9riode de confinement<\/span><\/a><\/p>","protected":false},"author":12,"featured_media":2427,"comment_status":"open","ping_status":"open","sticky":false,"template":"","format":"standard","meta":{"_links_to":"","_links_to_target":""},"categories":[179,180,6,63],"tags":[40,156,157,155],"uagb_featured_image_src":{"full":["https:\/\/archivesquarantainearchief.be\/wp-content\/uploads\/2020\/06\/Banni\u00e8re-Carhop-Rhizome-copie.jpg",930,400,false],"thumbnail":["https:\/\/archivesquarantainearchief.be\/wp-content\/uploads\/2020\/06\/Banni\u00e8re-Carhop-Rhizome-copie-150x150.jpg",150,150,true],"medium":["https:\/\/archivesquarantainearchief.be\/wp-content\/uploads\/2020\/06\/Banni\u00e8re-Carhop-Rhizome-copie-300x129.jpg",300,129,true],"medium_large":["https:\/\/archivesquarantainearchief.be\/wp-content\/uploads\/2020\/06\/Banni\u00e8re-Carhop-Rhizome-copie-768x330.jpg",768,330,true],"large":["https:\/\/archivesquarantainearchief.be\/wp-content\/uploads\/2020\/06\/Banni\u00e8re-Carhop-Rhizome-copie.jpg",930,400,false],"1536x1536":["https:\/\/archivesquarantainearchief.be\/wp-content\/uploads\/2020\/06\/Banni\u00e8re-Carhop-Rhizome-copie.jpg",930,400,false],"2048x2048":["https:\/\/archivesquarantainearchief.be\/wp-content\/uploads\/2020\/06\/Banni\u00e8re-Carhop-Rhizome-copie.jpg",930,400,false],"trp-custom-language-flag":["https:\/\/archivesquarantainearchief.be\/wp-content\/uploads\/2020\/06\/Banni\u00e8re-Carhop-Rhizome-copie.jpg",18,8,false],"neve-blog":["https:\/\/archivesquarantainearchief.be\/wp-content\/uploads\/2020\/06\/Banni\u00e8re-Carhop-Rhizome-copie.jpg",930,400,false],"audioigniter_cover":["https:\/\/archivesquarantainearchief.be\/wp-content\/uploads\/2020\/06\/Banni\u00e8re-Carhop-Rhizome-copie.jpg",560,241,false]},"uagb_author_info":{"display_name":"Fran\u00e7ois Welter, CARHOP","author_link":"http:\/\/archivesquarantainearchief.be\/nl\/author\/fwelter\/"},"uagb_comment_info":1,"uagb_excerpt":"L\u2019appel \u00e0 t\u00e9moins lanc\u00e9 par le Carhop et Rhizome a \u00e9t\u00e9 entendu. Autant les \u00e9ducateurs et les \u00e9ducatrices qui travaillent dans le secteur de l\u2019aide \u00e0 la jeunesse que dans celui de l\u2019handicap, la crise du Covid, comme ils et elles en t\u00e9moignent dans leurs interviews, les a fortement secou\u00e9.e.s. Comment, en tant que travailleurs&hellip;&nbsp;Lees&hellip;","_links":{"self":[{"href":"http:\/\/archivesquarantainearchief.be\/nl\/wp-json\/wp\/v2\/posts\/2410"}],"collection":[{"href":"http:\/\/archivesquarantainearchief.be\/nl\/wp-json\/wp\/v2\/posts"}],"about":[{"href":"http:\/\/archivesquarantainearchief.be\/nl\/wp-json\/wp\/v2\/types\/post"}],"author":[{"embeddable":true,"href":"http:\/\/archivesquarantainearchief.be\/nl\/wp-json\/wp\/v2\/users\/12"}],"replies":[{"embeddable":true,"href":"http:\/\/archivesquarantainearchief.be\/nl\/wp-json\/wp\/v2\/comments?post=2410"}],"version-history":[{"count":8,"href":"http:\/\/archivesquarantainearchief.be\/nl\/wp-json\/wp\/v2\/posts\/2410\/revisions"}],"predecessor-version":[{"id":2426,"href":"http:\/\/archivesquarantainearchief.be\/nl\/wp-json\/wp\/v2\/posts\/2410\/revisions\/2426"}],"wp:featuredmedia":[{"embeddable":true,"href":"http:\/\/archivesquarantainearchief.be\/nl\/wp-json\/wp\/v2\/media\/2427"}],"wp:attachment":[{"href":"http:\/\/archivesquarantainearchief.be\/nl\/wp-json\/wp\/v2\/media?parent=2410"}],"wp:term":[{"taxonomy":"category","embeddable":true,"href":"http:\/\/archivesquarantainearchief.be\/nl\/wp-json\/wp\/v2\/categories?post=2410"},{"taxonomy":"post_tag","embeddable":true,"href":"http:\/\/archivesquarantainearchief.be\/nl\/wp-json\/wp\/v2\/tags?post=2410"}],"curies":[{"name":"wp","href":"https:\/\/api.w.org\/{rel}","templated":true}]}}