{"id":2913,"date":"2021-01-19T11:48:34","date_gmt":"2021-01-19T10:48:34","guid":{"rendered":"https:\/\/archivesquarantainearchief.be\/?p=2913"},"modified":"2021-01-19T11:48:37","modified_gmt":"2021-01-19T10:48:37","slug":"la-litterature-comme-lien-social-pendant-le-confinement-exemple-dune-initiative","status":"publish","type":"post","link":"http:\/\/archivesquarantainearchief.be\/nl\/2021\/01\/19\/la-litterature-comme-lien-social-pendant-le-confinement-exemple-dune-initiative\/","title":{"rendered":"La litt\u00e9rature comme lien social pendant le confinement : exemple d&#8217;une initiative"},"content":{"rendered":"<p> Lors de l&#8217;annonce du confinement en mars 2020, nous avons tous r\u00e9agi diff\u00e9remment pour faire face \u00e0 cette situation in\u00e9dite (e-ap\u00e9ro avec la famille, \u00e9criture, activit\u00e9s artistiques,&#8230;). Nous avons d\u00e9j\u00e0 pr\u00e9sent\u00e9 plusieurs initiatives<a rel=\"noreferrer noopener\" aria-label=\"citoyennes d'\u00e9critures  (s\u2019ouvre dans un nouvel onglet)\" href=\"http:\/\/archivesquarantainearchief.be\/nl\/2020\/07\/10\/journal-confine-dune-evadee-les-pensees-dune-citoyenne\/\" target=\"_blank\"> d&#8217;\u00e9criture<\/a> of <a rel=\"noreferrer noopener\" aria-label=\"artistiques (s\u2019ouvre dans un nouvel onglet)\" href=\"http:\/\/archivesquarantainearchief.be\/nl\/2020\/09\/23\/hommage-au-personnel-soignant-par-la-creation-artistique\/\" target=\"_blank\">artistiques<\/a>.<\/p>\n\n\n\n<p>D\u00e9couvrons une initiative d&#8217;une citoyenne, qui a permis de garder du lien avec sa famille mais qui plus largement a permis de cr\u00e9er une communaut\u00e9 solidaire.  <\/p>\n\n\n\n<blockquote class=\"wp-block-quote\"><p>Un &#8221; confinement&#8221; ( nouveau mot, dans cette acception du terme, qui nous deviendra malheureusement rapidement familier ! ) surr\u00e9aliste nous est impos\u00e9 suite \u00e0 la pand\u00e9mie &#8221; Covid 19&#8243; le jeudi 9 mars 2020 \u00e0 12h. La normalit\u00e9 des relations humaines est suspendue, nous devons nous prot\u00e9ger les uns des autres, en lieu et place de nous aimer les uns les autres. Nous sommes des \u00eatres relationnels, n\u00e9s pour vivre solidaires , et nous voil\u00e0 d\u00e9sormais coup\u00e9s de nos liens, affectifs et sociaux. <\/p><p>Je r\u00e9fl\u00e9chis alors au moyen de malgr\u00e9 tout &#8221; rester en lien&#8221; ; je choisis <strong>d&#8217;adresser de temps \u00e0 autre l&#8217;un ou l&#8217;autre texte<\/strong> qui me tient \u00e0 c\u0153ur et qui me porte, personnellement. Les destinataires? Ma famille, proche et large, puis mes amis, mes coll\u00e8gues, et les &#8221; rencontr\u00e9s&#8221; dans ce vaste monde. Soit 75 personnes environ, mais par la suite certaines m&#8217;ont demand\u00e9 de pouvoir diffuser \u00e0 leur tour, m\u00eame assez largement. <\/p><p>Voil\u00e0 une<strong> petite communaut\u00e9 &#8220;litt\u00e9raire&#8221; cr\u00e9\u00e9e<\/strong>, cosmopolite aussi bien par les nationalit\u00e9s concern\u00e9es que par le choix des auteurs diffus\u00e9s. Je pensais envoyer un texte de temps en temps, mais tr\u00e8s vite je re\u00e7ois des retours ,qui me disent attendre le texte chaque jour. J&#8217;ai donc rapidement poursuivi par <strong>un texte quotidien.<\/strong> Notre petite &#8220;communaut\u00e9 &#8221; interagit, et recr\u00e9e du lien&#8230; Ce fut une belle aventure qui nous a tenu , beaucoup me l&#8217;ont dit , &#8221; la t\u00eate hors de l&#8217;eau&#8221; lors de ce titanesque naufrage. <\/p><cite>Initiative et t\u00e9moignage de Chantal de Genval <\/cite><\/blockquote>\n\n\n\n<p>Voici un bref apercu des extraits envoy\u00e9s par Chantal \u00e0 ses proches. <\/p>\n\n\n\n<div class=\"wp-block-file\"><a href=\"https:\/\/archivesquarantainearchief.be\/wp-content\/uploads\/2021\/01\/2021_AQA_Borl\u00e9e_Texte_envoy\u00e9.docx\">Exemples d&#8217;extraits envoy\u00e9s par Chantal \u00e0 ses proches pendant le confinement.<\/a><a href=\"https:\/\/archivesquarantainearchief.be\/wp-content\/uploads\/2021\/01\/2021_AQA_Borl\u00e9e_Texte_envoy\u00e9.docx\" class=\"wp-block-file__button\" download>T\u00e9l\u00e9charger<\/a><\/div>\n\n\n\n<p><\/p>","protected":false},"excerpt":{"rendered":"<p>D\u00e9couvrons une initiative d&#8217;une citoyenne, qui a permis de garder du lien avec sa famille mais qui plus largement a permis de cr\u00e9er une communaut\u00e9 solidaire gr\u00e2ce \u00e0 la litt\u00e9rature !<\/p>","protected":false},"author":6,"featured_media":2916,"comment_status":"open","ping_status":"open","sticky":false,"template":"","format":"standard","meta":{"_links_to":"","_links_to_target":""},"categories":[5,60],"tags":[173,24,148],"uagb_featured_image_src":{"full":["https:\/\/archivesquarantainearchief.be\/wp-content\/uploads\/2021\/01\/writing-1209121_640.jpg",640,480,false],"thumbnail":["https:\/\/archivesquarantainearchief.be\/wp-content\/uploads\/2021\/01\/writing-1209121_640-150x150.jpg",150,150,true],"medium":["https:\/\/archivesquarantainearchief.be\/wp-content\/uploads\/2021\/01\/writing-1209121_640-300x225.jpg",300,225,true],"medium_large":["https:\/\/archivesquarantainearchief.be\/wp-content\/uploads\/2021\/01\/writing-1209121_640.jpg",640,480,false],"large":["https:\/\/archivesquarantainearchief.be\/wp-content\/uploads\/2021\/01\/writing-1209121_640.jpg",640,480,false],"1536x1536":["https:\/\/archivesquarantainearchief.be\/wp-content\/uploads\/2021\/01\/writing-1209121_640.jpg",640,480,false],"2048x2048":["https:\/\/archivesquarantainearchief.be\/wp-content\/uploads\/2021\/01\/writing-1209121_640.jpg",640,480,false],"trp-custom-language-flag":["https:\/\/archivesquarantainearchief.be\/wp-content\/uploads\/2021\/01\/writing-1209121_640-16x12.jpg",16,12,true],"neve-blog":["https:\/\/archivesquarantainearchief.be\/wp-content\/uploads\/2021\/01\/writing-1209121_640.jpg",640,480,false],"audioigniter_cover":["https:\/\/archivesquarantainearchief.be\/wp-content\/uploads\/2021\/01\/writing-1209121_640.jpg",560,420,false]},"uagb_author_info":{"display_name":"Sarah Lessire","author_link":"http:\/\/archivesquarantainearchief.be\/nl\/author\/slessire\/"},"uagb_comment_info":0,"uagb_excerpt":"D\u00e9couvrons une initiative d'une citoyenne, qui a permis de garder du lien avec sa famille mais qui plus largement a permis de cr\u00e9er une communaut\u00e9 solidaire gr\u00e2ce \u00e0 la litt\u00e9rature !","_links":{"self":[{"href":"http:\/\/archivesquarantainearchief.be\/nl\/wp-json\/wp\/v2\/posts\/2913"}],"collection":[{"href":"http:\/\/archivesquarantainearchief.be\/nl\/wp-json\/wp\/v2\/posts"}],"about":[{"href":"http:\/\/archivesquarantainearchief.be\/nl\/wp-json\/wp\/v2\/types\/post"}],"author":[{"embeddable":true,"href":"http:\/\/archivesquarantainearchief.be\/nl\/wp-json\/wp\/v2\/users\/6"}],"replies":[{"embeddable":true,"href":"http:\/\/archivesquarantainearchief.be\/nl\/wp-json\/wp\/v2\/comments?post=2913"}],"version-history":[{"count":2,"href":"http:\/\/archivesquarantainearchief.be\/nl\/wp-json\/wp\/v2\/posts\/2913\/revisions"}],"predecessor-version":[{"id":2919,"href":"http:\/\/archivesquarantainearchief.be\/nl\/wp-json\/wp\/v2\/posts\/2913\/revisions\/2919"}],"wp:featuredmedia":[{"embeddable":true,"href":"http:\/\/archivesquarantainearchief.be\/nl\/wp-json\/wp\/v2\/media\/2916"}],"wp:attachment":[{"href":"http:\/\/archivesquarantainearchief.be\/nl\/wp-json\/wp\/v2\/media?parent=2913"}],"wp:term":[{"taxonomy":"category","embeddable":true,"href":"http:\/\/archivesquarantainearchief.be\/nl\/wp-json\/wp\/v2\/categories?post=2913"},{"taxonomy":"post_tag","embeddable":true,"href":"http:\/\/archivesquarantainearchief.be\/nl\/wp-json\/wp\/v2\/tags?post=2913"}],"curies":[{"name":"wp","href":"https:\/\/api.w.org\/{rel}","templated":true}]}}