{"id":1927,"date":"2020-04-23T17:53:01","date_gmt":"2020-04-23T15:53:01","guid":{"rendered":"https:\/\/archivesquarantainearchief.be\/?p=1927"},"modified":"2020-04-30T13:37:16","modified_gmt":"2020-04-30T11:37:16","slug":"corona-door-de-ogen-van","status":"publish","type":"post","link":"https:\/\/archivesquarantainearchief.be\/fr\/2020\/04\/23\/corona-door-de-ogen-van\/","title":{"rendered":"Corona door de ogen van &#8230;"},"content":{"rendered":"\n<p>VRT nieuws laat elke dag \u00e9\u00e9n werknemer zijn of haar verhaal doen. In een kort filmpje in vlog-stijl tonen zij hoe de coronacrisis hun leven, priv\u00e9 en professioneel, be\u00efnvloed. Vaak wordt er gezocht naar creatieve oplossingen.  Bekijk de bijdragen op de VRT NWS website:  <a href=\"https:\/\/www.vrt.be\/vrtnws\/nl\/2020\/03\/24\/corona-door-de-ogen-van\/\">https:\/\/www.vrt.be\/vrtnws\/nl\/2020\/03\/24\/corona-door-de-ogen-van\/<\/a> <\/p>\n","protected":false},"excerpt":{"rendered":"<p>VRT nieuws laat elke dag \u00e9\u00e9n werknemer zijn of haar verhaal doen. In een kort filmpje in vlog-stijl tonen zij hoe de coronacrisis hun leven, priv\u00e9 en professioneel, be\u00efnvloed. Vaak wordt er gezocht naar creatieve oplossingen. Bekijk de bijdragen op de VRT NWS website: https:\/\/www.vrt.be\/vrtnws\/nl\/2020\/03\/24\/corona-door-de-ogen-van\/<\/p>\n","protected":false},"author":8,"featured_media":2118,"comment_status":"open","ping_status":"open","sticky":false,"template":"","format":"standard","meta":{"_links_to":"","_links_to_target":""},"categories":[5,61],"tags":[31,76],"uagb_featured_image_src":{"full":["https:\/\/archivesquarantainearchief.be\/wp-content\/uploads\/2020\/04\/VRT.png",900,400,false],"thumbnail":["https:\/\/archivesquarantainearchief.be\/wp-content\/uploads\/2020\/04\/VRT-150x150.png",150,150,true],"medium":["https:\/\/archivesquarantainearchief.be\/wp-content\/uploads\/2020\/04\/VRT-300x133.png",300,133,true],"medium_large":["https:\/\/archivesquarantainearchief.be\/wp-content\/uploads\/2020\/04\/VRT-768x341.png",768,341,true],"large":["https:\/\/archivesquarantainearchief.be\/wp-content\/uploads\/2020\/04\/VRT.png",900,400,false],"1536x1536":["https:\/\/archivesquarantainearchief.be\/wp-content\/uploads\/2020\/04\/VRT.png",900,400,false],"2048x2048":["https:\/\/archivesquarantainearchief.be\/wp-content\/uploads\/2020\/04\/VRT.png",900,400,false],"trp-custom-language-flag":["https:\/\/archivesquarantainearchief.be\/wp-content\/uploads\/2020\/04\/VRT.png",18,8,false],"neve-blog":["https:\/\/archivesquarantainearchief.be\/wp-content\/uploads\/2020\/04\/VRT.png",900,400,false],"audioigniter_cover":["https:\/\/archivesquarantainearchief.be\/wp-content\/uploads\/2020\/04\/VRT.png",560,249,false]},"uagb_author_info":{"display_name":"Birgit Grootjans","author_link":"https:\/\/archivesquarantainearchief.be\/fr\/author\/bgrootjans\/"},"uagb_comment_info":1,"uagb_excerpt":"VRT nieuws laat elke dag \u00e9\u00e9n werknemer zijn of haar verhaal doen. In een kort filmpje in vlog-stijl tonen zij hoe de coronacrisis hun leven, priv\u00e9 en professioneel, be\u00efnvloed. Vaak wordt er gezocht naar creatieve oplossingen. Bekijk de bijdragen op de VRT NWS website: https:\/\/www.vrt.be\/vrtnws\/nl\/2020\/03\/24\/corona-door-de-ogen-van\/","_links":{"self":[{"href":"https:\/\/archivesquarantainearchief.be\/fr\/wp-json\/wp\/v2\/posts\/1927"}],"collection":[{"href":"https:\/\/archivesquarantainearchief.be\/fr\/wp-json\/wp\/v2\/posts"}],"about":[{"href":"https:\/\/archivesquarantainearchief.be\/fr\/wp-json\/wp\/v2\/types\/post"}],"author":[{"embeddable":true,"href":"https:\/\/archivesquarantainearchief.be\/fr\/wp-json\/wp\/v2\/users\/8"}],"replies":[{"embeddable":true,"href":"https:\/\/archivesquarantainearchief.be\/fr\/wp-json\/wp\/v2\/comments?post=1927"}],"version-history":[{"count":3,"href":"https:\/\/archivesquarantainearchief.be\/fr\/wp-json\/wp\/v2\/posts\/1927\/revisions"}],"predecessor-version":[{"id":1933,"href":"https:\/\/archivesquarantainearchief.be\/fr\/wp-json\/wp\/v2\/posts\/1927\/revisions\/1933"}],"wp:featuredmedia":[{"embeddable":true,"href":"https:\/\/archivesquarantainearchief.be\/fr\/wp-json\/wp\/v2\/media\/2118"}],"wp:attachment":[{"href":"https:\/\/archivesquarantainearchief.be\/fr\/wp-json\/wp\/v2\/media?parent=1927"}],"wp:term":[{"taxonomy":"category","embeddable":true,"href":"https:\/\/archivesquarantainearchief.be\/fr\/wp-json\/wp\/v2\/categories?post=1927"},{"taxonomy":"post_tag","embeddable":true,"href":"https:\/\/archivesquarantainearchief.be\/fr\/wp-json\/wp\/v2\/tags?post=1927"}],"curies":[{"name":"wp","href":"https:\/\/api.w.org\/{rel}","templated":true}]}}