{"id":2180,"date":"2020-05-04T15:29:01","date_gmt":"2020-05-04T13:29:01","guid":{"rendered":"https:\/\/archivesquarantainearchief.be\/?p=2180"},"modified":"2020-05-04T17:26:49","modified_gmt":"2020-05-04T15:26:49","slug":"brussel-soundmap-la-memoire-de-la-crise-covid-19-par-les-sons","status":"publish","type":"post","link":"https:\/\/archivesquarantainearchief.be\/fr\/2020\/05\/04\/brussel-soundmap-la-memoire-de-la-crise-covid-19-par-les-sons\/","title":{"rendered":"Brussels SoundMAp : la m\u00e9moire de la crise covid-19 par les sons"},"content":{"rendered":"\n<p><strong><a href=\"http:\/\/www.bna-bbot.be\/fre\" target=\"_blank\" rel=\"noreferrer noopener\" aria-label=\"Bruxelles Nous Appartient-Brussel Behoort Ons Toe (BNA-BBOT) (opens in a new tab)\">Bruxelles Nous Appartient-Brussel Behoort Ons Toe (BNA-BBOT)<\/a><\/strong> fabrique une histoire et une m\u00e9moire de la ville au travers des enregistrements sonores capt\u00e9s par ses habitants.   <\/p>\n\n\n\n<p>\u00c0 l&#8217;aide d&#8217;une cartographie sonore, BNA-BBOT nous invite \u00e0 d\u00e9couvrir d&#8217;une autre mani\u00e8re la ville de Bruxelles.  Les sons que vous pouvez \u00e9couter ont \u00e9t\u00e9 enregistr\u00e9s dans le cadre de collectes th\u00e9matiques ou spontan\u00e9es, collectives ou individuelles, professionnelles ou amateurs. Prises de son brutes ou mont\u00e9es, elles ont toutes en commun d&#8217;avoir \u00e9t\u00e9 enregistr\u00e9es in situ. <\/p>\n\n\n\n<div class=\"wp-block-image is-style-default\"><figure class=\"alignright size-large is-resized\"><img loading=\"lazy\" src=\"https:\/\/archivesquarantainearchief.be\/wp-content\/uploads\/2020\/05\/Capture-d\u00e2\u20ac\u2122e\u00cc-cran-2020-04-30-a\u00cc\u20ac-08.02.55.png\" alt=\"\" class=\"wp-image-2182\" width=\"428\" height=\"339\" srcset=\"https:\/\/archivesquarantainearchief.be\/wp-content\/uploads\/2020\/05\/Capture-d\u00e2\u20ac\u2122e\u00cc-cran-2020-04-30-a\u00cc\u20ac-08.02.55.png 850w, https:\/\/archivesquarantainearchief.be\/wp-content\/uploads\/2020\/05\/Capture-d\u00e2\u20ac\u2122e\u00cc-cran-2020-04-30-a\u00cc\u20ac-08.02.55-300x238.png 300w, https:\/\/archivesquarantainearchief.be\/wp-content\/uploads\/2020\/05\/Capture-d\u00e2\u20ac\u2122e\u00cc-cran-2020-04-30-a\u00cc\u20ac-08.02.55-768x609.png 768w\" sizes=\"(max-width: 428px) 100vw, 428px\" \/><figcaption>Carte sonore de Bruxelles <\/figcaption><\/figure><\/div>\n\n\n\n<p> L\u2019objectif est de cr\u00e9er, ensemble, une carte sonore qui soit v\u00e9ritablement repr\u00e9sentative de Bruxelles : polyphonique, polyglotte, connue ou in\u00e9dite, intrigante, r\u00e9sonnante, susurrante, assourdissante, inaudible&#8230; Tous ces sons racontent une histoire de Bruxelles \u00e0 laquelle vous pouvez apporter votre propre sensibilit\u00e9 et votre propre \u00e9coute.   <\/p>\n\n\n\n<p>Cette carte sonore participative dot\u00e9e de filtres permet d&#8217;\u00e9couter des th\u00e9matiques particuli\u00e8res. Depuis le d\u00e9but de la crise sanitaire, BNA-BBOT ont cr\u00e9e <strong>un filtre Covid-19<\/strong> qui rend compte du changement d&#8217;environnement sonore depuis le confinement. <\/p>\n\n\n\n<p>Vous voulez participer \u00e0 cette carte sonore de Bruxelles ? <br>Retrouvez tous les informations sur  <a href=\"http:\/\/www.bna-bbot.be\/brusselssoundmap\/theme-692\/#sounds\">http:\/\/www.bna-bbot.be\/brusselssoundmap\/theme-692\/#sounds<\/a>  <\/p>\n","protected":false},"excerpt":{"rendered":"<p>\u00c0 l&#8217;aide d&#8217;une cartographie sonore, BNA-BBOT nous invite \u00e0 d\u00e9couvrir d&#8217;une autre mani\u00e8re la ville de Bruxelles.  <\/p>\n","protected":false},"author":6,"featured_media":2201,"comment_status":"open","ping_status":"open","sticky":false,"template":"","format":"standard","meta":{"_links_to":"","_links_to_target":""},"categories":[5,60],"tags":[145,24,31,146],"uagb_featured_image_src":{"full":["https:\/\/archivesquarantainearchief.be\/wp-content\/uploads\/2020\/05\/Capture-d\u00e2\u20ac\u2122e\u00cc-cran-2020-04-30-a\u00cc\u20ac-08.02.55-850x620-1.png",930,400,false],"thumbnail":["https:\/\/archivesquarantainearchief.be\/wp-content\/uploads\/2020\/05\/Capture-d\u00e2\u20ac\u2122e\u00cc-cran-2020-04-30-a\u00cc\u20ac-08.02.55-850x620-1-150x150.png",150,150,true],"medium":["https:\/\/archivesquarantainearchief.be\/wp-content\/uploads\/2020\/05\/Capture-d\u00e2\u20ac\u2122e\u00cc-cran-2020-04-30-a\u00cc\u20ac-08.02.55-850x620-1-300x129.png",300,129,true],"medium_large":["https:\/\/archivesquarantainearchief.be\/wp-content\/uploads\/2020\/05\/Capture-d\u00e2\u20ac\u2122e\u00cc-cran-2020-04-30-a\u00cc\u20ac-08.02.55-850x620-1-768x330.png",768,330,true],"large":["https:\/\/archivesquarantainearchief.be\/wp-content\/uploads\/2020\/05\/Capture-d\u00e2\u20ac\u2122e\u00cc-cran-2020-04-30-a\u00cc\u20ac-08.02.55-850x620-1.png",930,400,false],"1536x1536":["https:\/\/archivesquarantainearchief.be\/wp-content\/uploads\/2020\/05\/Capture-d\u00e2\u20ac\u2122e\u00cc-cran-2020-04-30-a\u00cc\u20ac-08.02.55-850x620-1.png",930,400,false],"2048x2048":["https:\/\/archivesquarantainearchief.be\/wp-content\/uploads\/2020\/05\/Capture-d\u00e2\u20ac\u2122e\u00cc-cran-2020-04-30-a\u00cc\u20ac-08.02.55-850x620-1.png",930,400,false],"trp-custom-language-flag":["https:\/\/archivesquarantainearchief.be\/wp-content\/uploads\/2020\/05\/Capture-d\u00e2\u20ac\u2122e\u00cc-cran-2020-04-30-a\u00cc\u20ac-08.02.55-850x620-1.png",18,8,false],"neve-blog":["https:\/\/archivesquarantainearchief.be\/wp-content\/uploads\/2020\/05\/Capture-d\u00e2\u20ac\u2122e\u00cc-cran-2020-04-30-a\u00cc\u20ac-08.02.55-850x620-1.png",930,400,false],"audioigniter_cover":["https:\/\/archivesquarantainearchief.be\/wp-content\/uploads\/2020\/05\/Capture-d\u00e2\u20ac\u2122e\u00cc-cran-2020-04-30-a\u00cc\u20ac-08.02.55-850x620-1.png",560,241,false]},"uagb_author_info":{"display_name":"Sarah Lessire","author_link":"https:\/\/archivesquarantainearchief.be\/fr\/author\/slessire\/"},"uagb_comment_info":0,"uagb_excerpt":"\u00c0 l'aide d'une cartographie sonore, BNA-BBOT nous invite \u00e0 d\u00e9couvrir d'une autre mani\u00e8re la ville de Bruxelles.","_links":{"self":[{"href":"https:\/\/archivesquarantainearchief.be\/fr\/wp-json\/wp\/v2\/posts\/2180"}],"collection":[{"href":"https:\/\/archivesquarantainearchief.be\/fr\/wp-json\/wp\/v2\/posts"}],"about":[{"href":"https:\/\/archivesquarantainearchief.be\/fr\/wp-json\/wp\/v2\/types\/post"}],"author":[{"embeddable":true,"href":"https:\/\/archivesquarantainearchief.be\/fr\/wp-json\/wp\/v2\/users\/6"}],"replies":[{"embeddable":true,"href":"https:\/\/archivesquarantainearchief.be\/fr\/wp-json\/wp\/v2\/comments?post=2180"}],"version-history":[{"count":5,"href":"https:\/\/archivesquarantainearchief.be\/fr\/wp-json\/wp\/v2\/posts\/2180\/revisions"}],"predecessor-version":[{"id":2215,"href":"https:\/\/archivesquarantainearchief.be\/fr\/wp-json\/wp\/v2\/posts\/2180\/revisions\/2215"}],"wp:featuredmedia":[{"embeddable":true,"href":"https:\/\/archivesquarantainearchief.be\/fr\/wp-json\/wp\/v2\/media\/2201"}],"wp:attachment":[{"href":"https:\/\/archivesquarantainearchief.be\/fr\/wp-json\/wp\/v2\/media?parent=2180"}],"wp:term":[{"taxonomy":"category","embeddable":true,"href":"https:\/\/archivesquarantainearchief.be\/fr\/wp-json\/wp\/v2\/categories?post=2180"},{"taxonomy":"post_tag","embeddable":true,"href":"https:\/\/archivesquarantainearchief.be\/fr\/wp-json\/wp\/v2\/tags?post=2180"}],"curies":[{"name":"wp","href":"https:\/\/api.w.org\/{rel}","templated":true}]}}