{"id":2788,"date":"2020-11-25T11:51:18","date_gmt":"2020-11-25T10:51:18","guid":{"rendered":"https:\/\/archivesquarantainearchief.be\/?p=2788"},"modified":"2020-12-09T14:56:16","modified_gmt":"2020-12-09T13:56:16","slug":"garder-le-lien-avec-les-personnes-isolees-durant-le-confinement","status":"publish","type":"post","link":"https:\/\/archivesquarantainearchief.be\/fr\/2020\/11\/25\/garder-le-lien-avec-les-personnes-isolees-durant-le-confinement\/","title":{"rendered":"Garder le lien avec les personnes isol\u00e9es durant le confinement !?"},"content":{"rendered":"\n<p>En cette p\u00e9riode de confinement, nous cherchons tous \u00e0 garder un lien social avec notre famille, nos amis et nos coll\u00e8gues. Depuis l\u2019annonce du confinement au mois de mars, nous avons vu fleurir sur les r\u00e9seaux sociaux l\u2019organisation d\u2019e-\u00e9v\u00e8nement en tout genre notamment les ap\u00e9ros en ligne avec la famille ou les amis.<\/p>\n\n\n\n<p>Malheureusement, nous n\u2019avons pas tous la chance d\u2019avoir les\nconnaissances n\u00e9cessaires en informatique ni le mat\u00e9riel requis. D\u2019ailleurs, ce\nsont souvent nos ain\u00e9s les plus isol\u00e9s en cette p\u00e9riode de confinement. <\/p>\n\n\n\n<p>Afin d\u2019apporter un peu de chaleur et de soutien \u00e0 nos ain\u00e9s et aux personnes isol\u00e9es, de nombreuses initiatives citoyennes ont vu le jour partout dans le monde (<a href=\"https:\/\/loveforourelders.org\/letters\">Letter of love \u2013 Cleveland USA,<\/a> <a href=\"https:\/\/1lettre1sourire.org\/\">1 lettre 1 sourire<\/a> en France).<\/p>\n\n\n\n<p>Dans cet article, nous nous focaliserons sur les initiatives\nen Belgique&nbsp;: <\/p>\n\n\n\n<ol><li><strong>Une lettre pour un patient <\/strong><\/li><\/ol>\n\n\n\n<p>\u00ab&nbsp;<a href=\"https:\/\/www.facebook.com\/Une-lettre-pour-un-patient-113351897240898\">Une lettre pour un patient&nbsp;\u00bb <\/a>est une initiative lanc\u00e9e au d\u00e9but du deuxi\u00e8me confinement par Sophie Van Cutsem, infirmi\u00e8re du service des urgences de la clinique Saint-Pierre d\u2019Ottignies.<\/p>\n\n\n\n<p>\u00ab&nbsp;Une lettre pour un patient&nbsp;\u00bb est un projet qui <strong>invite tout citoyen\u00b7nes \u00e0 \u00e9crire une lettre, un petit mot de r\u00e9confort ou m\u00eame un dessin \u00e0 destination des personnes hospitalis\u00e9es<\/strong> qui sont priv\u00e9es de visites. Les courriers sont ensuite distribu\u00e9s aux patients afin de leur apporter un peu de gaiet\u00e9. Tr\u00e8s vite, l\u2019id\u00e9e s\u00e9duit et les boites aux lettres relais \u00ab&nbsp;une lettre pour un patient&nbsp;\u00bb voient le jour dans la r\u00e9gion du Brabant Wallon. <\/p>\n\n\n\n<p>Vous souhaitez participer \u00e0 cette chaine de solidarit\u00e9&nbsp;!? <\/p>\n\n\n\n<p>Vous pouvez d\u00e9poser votre lettre dans l\u2019une des quatre boites (asbl vert de Terre \u00e0 Tervuren, au magasin Carrefour de Hamme-Mille, \u00e0 Tourinnes-la-Grosse chez Pierre Van Damme ou au secr\u00e9tariat des urgences de la clinique d\u2019Ottignies). <\/p>\n\n\n\n<p>Il est \u00e9galement possible d\u2019envoyer vos contributions par mail <a href=\"mailto:unelettrepourunpatient@hotmail.com\">unelettrepourunpatient@hotmail.com<\/a> <\/p>\n\n\n\n<p>D\u00e9j\u00e0 plus d\u2019une centaine de lettres ont pu \u00eatre distribu\u00e9es depuis le lancement de ce projet. <\/p>\n\n\n\n<figure class=\"wp-block-image size-large is-resized\"><img loading=\"lazy\" src=\"https:\/\/archivesquarantainearchief.be\/wp-content\/uploads\/2020\/11\/image.png\" alt=\"\" class=\"wp-image-2790\" width=\"433\" height=\"508\" srcset=\"https:\/\/archivesquarantainearchief.be\/wp-content\/uploads\/2020\/11\/image.png 639w, https:\/\/archivesquarantainearchief.be\/wp-content\/uploads\/2020\/11\/image-256x300.png 256w, https:\/\/archivesquarantainearchief.be\/wp-content\/uploads\/2020\/11\/image-10x12.png 10w\" sizes=\"(max-width: 433px) 100vw, 433px\" \/><figcaption>Extrait  de la page Facebook &#8220;une lettre pour un patient&#8221;<\/figcaption><\/figure>\n\n\n\n<p>2. <strong>Le kot-\u00e0-projet, Kap s\u00e9niors et leur projet d\u2019\u00e9change \u00e9pistolaire<\/strong><\/p>\n\n\n\n<p>La vie \u00e9tudiante est \u00e9galement forte perturb\u00e9e par les mesures sanitaires et le deuxi\u00e8me confinement (cours \u00e0 distance, couvre-feu, bars ferm\u00e9s\u2026). Lors du premier confinement, nous avons d\u00e9j\u00e0 fait un focus sur le chamboulement de la vie universitaire et mis en avant <a href=\"https:\/\/archivesquarantainearchief.be\/fr\/2020\/04\/16\/collecter-les-futures-archives-du-confinement\/\">le p<\/a><a rel=\"noreferrer noopener\" aria-label=\"rojet des Archives de  de l\u2019UCLouvain.  (opens in a new tab)\" href=\"https:\/\/archivesquarantainearchief.be\/fr\/2020\/04\/16\/collecter-les-futures-archives-du-confinement\/\" target=\"_blank\">rojet des Archives de l\u2019UCLouvain.<\/a><\/p>\n\n\n\n<p>Nous ferons dans cet article une pr\u00e9sentation du projet lanc\u00e9 par le kot-\u00e0-projet, <strong><a href=\"https:\/\/www.facebook.com\/permalink.php?story_fbid=802569257188548&amp;id=186019325510214\" target=\"_blank\" rel=\"noreferrer noopener\" aria-label=\"KAP s\u00e9niors. (opens in a new tab)\">KAP s\u00e9niors.<\/a><\/strong>  Partie prenante de la vie estudiantines, les Kots-\u00e0-projet r\u00e9unissent les \u00e9tudiants autour d\u2019un projet culturel, social, citoyen commun.  Durant cette p\u00e9riode o\u00f9 tous leurs projets sont annul\u00e9s, les kots-\u00e0-projet ont d\u00fb se r\u00e9inventer en proposant de nouvelles activit\u00e9s. C\u2019est le cas notamment de KAP seniors de UCL.<\/p>\n\n\n\n<p>\u00c0 l\u2019annonce du deuxi\u00e8me confinement, le KAP s\u00e9niors dont le projet est de cr\u00e9er des liens entre \u00e9tudiants et personnes \u00e2g\u00e9es s\u2019est r\u00e9invent\u00e9 en imaginant <strong>un \u00e9change \u00e9pistolaire entre les \u00e9tudiants et les s\u00e9niors<\/strong>. <br>Concr\u00e8tement, le Kap S\u00e9niors propose de mettre en relation un senior avec un ou deux \u00e9tudiants. Les participants sont invit\u00e9s \u00e0 s\u2019envoyer des lettres en papier au minimum deux fois par mois o\u00f9 chacun peut se raconter, parler de son quotidien et partager ses exp\u00e9riences de vie. L\u2019\u00e9tudiant doit envoyer la premi\u00e8re lettre et \u00e9tablir ainsi le contact avec la personne \u00e2g\u00e9e.<\/p>\n\n\n\n<p> Il faut savoir que le projet s\u2019adresse \u00e0 toutes les personnes \u00e2g\u00e9es de la F\u00e9d\u00e9ration Wallonie-Bruxelles et aux \u00e9tudiants de l&#8217;UCL.<\/p>\n\n\n\n<p>Vous \u00eates senior et vous souhaitez \u00e9changer avec un\u00b7e \u00e9tudiant\u00b7e de Louvain-La-Neuve ? <br> Vous \u00eates \u00e9tudiant\u00b7e et vous souhaitez participer \u00e0 cet \u00e9change \u00e9pistolaire ? <br> Retrouvez toutes les informations pratiques sur le <a rel=\"noreferrer noopener\" aria-label=\"site  (opens in a new tab)\" href=\"https:\/\/kapseniors.wixsite.com\/kapseniors\/activit%C3%A9s\" target=\"_blank\">site <\/a>d\u00e9di\u00e9 \u00e0 ce projet. <\/p>\n\n\n\n<p><strong>3.  L&#8217;appel \u00e0 correspondance de la r\u00e9sidence les Arcades \u00e0 Malm\u00e9dy <\/strong><\/p>\n\n\n\n<div class=\"wp-block-image\"><figure class=\"alignright size-large is-resized\"><img loading=\"lazy\" src=\"https:\/\/archivesquarantainearchief.be\/wp-content\/uploads\/2020\/12\/image.png\" alt=\"\" class=\"wp-image-2842\" width=\"382\" height=\"498\" srcset=\"https:\/\/archivesquarantainearchief.be\/wp-content\/uploads\/2020\/12\/image.png 561w, https:\/\/archivesquarantainearchief.be\/wp-content\/uploads\/2020\/12\/image-230x300.png 230w, https:\/\/archivesquarantainearchief.be\/wp-content\/uploads\/2020\/12\/image-9x12.png 9w\" sizes=\"(max-width: 382px) 100vw, 382px\" \/><figcaption>Appel lanc\u00e9 sur les r\u00e9seaux sociaux par le personnel soignant <\/figcaption><\/figure><\/div>\n\n\n\n<p> Via les r\u00e9seaux sociaux, le personnel soignant de la r\u00e9sidence &#8220;Les arcades&#8221; maison de repos \u00e0 Malm\u00e9dy ont lanc\u00e9 un appel &#8221; <strong>voudriez-vous m&#8217;\u00e9crire pour Noel ?&#8221; <\/strong>\u00e0 l&#8217;ensemble des citoyens. Le message est clair : inviter les citoyens \u00e0 prendre le temps de penser aux personnes \u00e2g\u00e9es en leur \u00e9crivant une lettre. Il s&#8217;agit d&#8217;une petite attention permettant aux r\u00e9sidants de ne pas se sentir oubli\u00e9s dans cette p\u00e9riode difficile. <\/p>\n\n\n\n<p>Vous  souhaitez leur adresser une lettre ?  Ecrivez \u00e0 R\u00e9sidence les Arcades &#8211; avenue de la gare, n\u00b018 <\/p>\n\n\n\n<p><\/p>\n\n\n\n<p><\/p>\n\n\n\n<p><\/p>\n\n\n\n<p><\/p>\n\n\n\n<p><\/p>\n\n\n\n<p>4. <strong>La &#8220;tourn\u00e9e papote&#8221; de Bras dessus bras dessous<\/strong><\/p>\n\n\n\n<p><a rel=\"noreferrer noopener\" aria-label=\" Bras dessus Bras dessous (opens in a new tab)\" href=\"https:\/\/www.brasdessusbrasdessous.be\/\" target=\"_blank\"> Bras dessus Bras dessous<\/a> est une asbl dont les actions vise \u00e0 diminuer l&#8217;isolement des a\u00een\u00e9s et leur donner la possibilit\u00e9 de retrouver une place dans la soci\u00e9t\u00e9. Suite au confinement et \u00e0 la crise sanitaire, les actions de l&#8217;asbl ont \u00e9t\u00e9 impact\u00e9s. Comme de nombreuses associations, ils ont d\u00fb se r\u00e9inventer afin de garder le lien entre les b\u00e9n\u00e9voles et les ain\u00e9es. C&#8217;est de cette mani\u00e8re qu&#8217;est n\u00e9 le projet &#8220;tourn\u00e9e papote&#8221;. Chaque mardi, les \u00e9quipes de BdBd d\u00e9posent un petit colis avec un potage, une douceur, une gazette interne\u2026 sur le seuil ou le palier de plus de 200 a\u00een\u00e9s. <\/p>\n\n\n\n<p>Cette action vise \u00e0 garder contact avec les personnes les plus isol\u00e9s et permettre la solidarit\u00e9 du quartier de continuer \u00e0 vivre malgr\u00e9 les restrictions sanitaires. <\/p>\n\n\n\n<p>D\u00e9couvrez les actions sur la page Facebook <a href=\"https:\/\/www.facebook.com\/brasdessousbrasdessus.be\/\" target=\"_blank\" rel=\"noreferrer noopener\" aria-label=\"Bras dessus bras dessous (opens in a new tab)\">Bras dessus bras dessous<\/a><\/p>\n","protected":false},"excerpt":{"rendered":"<p>En cette p\u00e9riode de confinement, nous cherchons tous \u00e0 garder un lien social avec notre famille, nos amis et nos coll\u00e8gues. Depuis l\u2019annonce du confinement au mois de mars, nous avons vu fleurir sur les r\u00e9seaux sociaux l\u2019organisation d\u2019e-\u00e9venement en tout genre notamment les ap\u00e9ros en ligne avec la famille ou les amis.<\/p>\n","protected":false},"author":6,"featured_media":2822,"comment_status":"open","ping_status":"open","sticky":false,"template":"","format":"standard","meta":{"_links_to":"","_links_to_target":""},"categories":[5,60,1],"tags":[24,166,165],"uagb_featured_image_src":{"full":["https:\/\/archivesquarantainearchief.be\/wp-content\/uploads\/2020\/11\/team-4529717_640.jpg",640,426,false],"thumbnail":["https:\/\/archivesquarantainearchief.be\/wp-content\/uploads\/2020\/11\/team-4529717_640-150x150.jpg",150,150,true],"medium":["https:\/\/archivesquarantainearchief.be\/wp-content\/uploads\/2020\/11\/team-4529717_640-300x200.jpg",300,200,true],"medium_large":["https:\/\/archivesquarantainearchief.be\/wp-content\/uploads\/2020\/11\/team-4529717_640.jpg",640,426,false],"large":["https:\/\/archivesquarantainearchief.be\/wp-content\/uploads\/2020\/11\/team-4529717_640.jpg",640,426,false],"1536x1536":["https:\/\/archivesquarantainearchief.be\/wp-content\/uploads\/2020\/11\/team-4529717_640.jpg",640,426,false],"2048x2048":["https:\/\/archivesquarantainearchief.be\/wp-content\/uploads\/2020\/11\/team-4529717_640.jpg",640,426,false],"trp-custom-language-flag":["https:\/\/archivesquarantainearchief.be\/wp-content\/uploads\/2020\/11\/team-4529717_640-16x12.jpg",16,12,true],"neve-blog":["https:\/\/archivesquarantainearchief.be\/wp-content\/uploads\/2020\/11\/team-4529717_640.jpg",640,426,false],"audioigniter_cover":["https:\/\/archivesquarantainearchief.be\/wp-content\/uploads\/2020\/11\/team-4529717_640.jpg",560,373,false]},"uagb_author_info":{"display_name":"Sarah Lessire","author_link":"https:\/\/archivesquarantainearchief.be\/fr\/author\/slessire\/"},"uagb_comment_info":0,"uagb_excerpt":"En cette p\u00e9riode de confinement, nous cherchons tous \u00e0 garder un lien social avec notre famille, nos amis et nos coll\u00e8gues. Depuis l\u2019annonce du confinement au mois de mars, nous avons vu fleurir sur les r\u00e9seaux sociaux l\u2019organisation d\u2019e-\u00e9venement en tout genre notamment les ap\u00e9ros en ligne avec la famille ou les amis.","_links":{"self":[{"href":"https:\/\/archivesquarantainearchief.be\/fr\/wp-json\/wp\/v2\/posts\/2788"}],"collection":[{"href":"https:\/\/archivesquarantainearchief.be\/fr\/wp-json\/wp\/v2\/posts"}],"about":[{"href":"https:\/\/archivesquarantainearchief.be\/fr\/wp-json\/wp\/v2\/types\/post"}],"author":[{"embeddable":true,"href":"https:\/\/archivesquarantainearchief.be\/fr\/wp-json\/wp\/v2\/users\/6"}],"replies":[{"embeddable":true,"href":"https:\/\/archivesquarantainearchief.be\/fr\/wp-json\/wp\/v2\/comments?post=2788"}],"version-history":[{"count":5,"href":"https:\/\/archivesquarantainearchief.be\/fr\/wp-json\/wp\/v2\/posts\/2788\/revisions"}],"predecessor-version":[{"id":2848,"href":"https:\/\/archivesquarantainearchief.be\/fr\/wp-json\/wp\/v2\/posts\/2788\/revisions\/2848"}],"wp:featuredmedia":[{"embeddable":true,"href":"https:\/\/archivesquarantainearchief.be\/fr\/wp-json\/wp\/v2\/media\/2822"}],"wp:attachment":[{"href":"https:\/\/archivesquarantainearchief.be\/fr\/wp-json\/wp\/v2\/media?parent=2788"}],"wp:term":[{"taxonomy":"category","embeddable":true,"href":"https:\/\/archivesquarantainearchief.be\/fr\/wp-json\/wp\/v2\/categories?post=2788"},{"taxonomy":"post_tag","embeddable":true,"href":"https:\/\/archivesquarantainearchief.be\/fr\/wp-json\/wp\/v2\/tags?post=2788"}],"curies":[{"name":"wp","href":"https:\/\/api.w.org\/{rel}","templated":true}]}}