{"id":3491,"date":"2021-12-08T08:41:59","date_gmt":"2021-12-08T07:41:59","guid":{"rendered":"https:\/\/archivesquarantainearchief.be\/?p=3491"},"modified":"2022-01-11T09:42:17","modified_gmt":"2022-01-11T08:42:17","slug":"une-crise-dans-la-crise-la-memoire-des-inondations-collectons-archivons-cet-evenement","status":"publish","type":"post","link":"https:\/\/archivesquarantainearchief.be\/fr\/2021\/12\/08\/une-crise-dans-la-crise-la-memoire-des-inondations-collectons-archivons-cet-evenement\/","title":{"rendered":"Une crise dans la crise\u2026 La m\u00e9moire des inondations : collectons, archivons cet \u00e9v\u00e8nement"},"content":{"rendered":"\n<figure class=\"wp-block-image\"><img loading=\"lazy\" width=\"1024\" height=\"573\" src=\"https:\/\/archivesquarantainearchief.be\/wp-content\/uploads\/2021\/11\/Image1-1024x573.jpg\" alt=\"\" class=\"wp-image-3496\" srcset=\"https:\/\/archivesquarantainearchief.be\/wp-content\/uploads\/2021\/11\/Image1-1024x573.jpg 1024w, https:\/\/archivesquarantainearchief.be\/wp-content\/uploads\/2021\/11\/Image1-300x168.jpg 300w, https:\/\/archivesquarantainearchief.be\/wp-content\/uploads\/2021\/11\/Image1-768x429.jpg 768w, https:\/\/archivesquarantainearchief.be\/wp-content\/uploads\/2021\/11\/Image1-18x10.jpg 18w, https:\/\/archivesquarantainearchief.be\/wp-content\/uploads\/2021\/11\/Image1.jpg 1386w\" sizes=\"(max-width: 1024px) 100vw, 1024px\" \/><\/figure>\n\n\n\n<p>Depuis mars 2020, la communaut\u00e9 archivistique s\u2019est mobilis\u00e9e autour du projet \u00ab&nbsp;Archives de Quarantaine&nbsp;\u00bb afin de pr\u00e9server la m\u00e9moire de la crise sanitaire. Durant cette p\u00e9riode, de nombreuses initiatives ont vu le jour et l\u2019archiviste a jou\u00e9 son r\u00f4le en pr\u00e9voyant la collecte et la conservation des documents, d\u00e8s leur cr\u00e9ation.<\/p>\n\n\n\n<p>Mais finalement, la crise sanitaire n\u2019est qu\u2019un \u00e9v\u00e8nement in\u00e9dit parmi tant d\u2019autres. Lors des attentats de Bruxelles en 2016, les archivistes \u00e9taient d\u00e9j\u00e0 sur le terrain pour r\u00e9colter les t\u00e9moignages de soutien avant que la pluie ne les fasse disparaitre.<\/p>\n\n\n\n<p>Alors que la crise sanitaire \u00e9tait toujours d\u2019actualit\u00e9, une nouvelle crise a frapp\u00e9 la Belgique en juillet 2021 suite aux inondations in\u00e9dites. De nombreux citoyens belges ont \u00e9t\u00e9 sinistr\u00e9s, des sites patrimoniaux ont \u00e9t\u00e9 touch\u00e9s et une grande solidarit\u00e9 s\u2019est \u00e9galement mise en place via des plateformes, groupes Facebook et autres initiatives. Pour le patrimoine, un comit\u00e9 de crise r\u00e9unissant diverses institutions patrimoniales (notamment <a href=\"https:\/\/blueshieldbelgium.be\/fr\/inondations-2021\/\" target=\"_blank\" rel=\"noreferrer noopener\">Bouclier bleu<\/a>, <a rel=\"noreferrer noopener\" href=\"https:\/\/www.kikirpa.be\/fr\/\" target=\"_blank\">Irp<\/a><a href=\"https:\/\/www.kikirpa.be\/fr\/inondations-juillet-2021-contact-patrimoine\" target=\"_blank\" rel=\"noreferrer noopener\">a<\/a>&#8230;) s\u2019est constitu\u00e9 pour centraliser les aides et demandes de b\u00e9n\u00e9voles.<\/p>\n\n\n\n<p>Mais que retiendrons-nous des inondations de 2021&nbsp;? Quelles traces seront conserv\u00e9es pour \u00e9tudier cet \u00e9v\u00e8nement&nbsp;? Comment les futurs historiens pourront relater l\u2019histoire de ces \u00e9v\u00e8nements&nbsp;? C\u2019est une question importante que se pose l\u2019archiviste quotidiennement. En effet, les professionnel\u00b7les de l\u2019information doivent agir d\u00e8s maintenant pour la conservation des traces.<\/p>\n\n\n\n<p>L\u2019exp\u00e9rience du projet \u00ab&nbsp;Archives de Quarantaine&nbsp;\u00bb pousse l\u2019AAFB \u00e0 interpeller&nbsp;:<\/p>\n\n\n\n<ul><li>Les citoyens souhaitant t\u00e9moigner \u00e0 prendre contact avec un centre d\u2019archive pr\u00e8s de chez eux afin de d\u00e9poser leur t\u00e9moignage<\/li><li>Les centres d\u2019archives afin d\u2019\u00eatre attentif \u00e0 cet \u00e9v\u00e8nement et collecter les traces<\/li><li>Les instituions et autres asbl ayant lanc\u00e9s une initiative \u00e0 collecter et documenter leur initiative pour permettre une conservation p\u00e9renne<\/li><\/ul>\n\n\n\n<p><sup>Photo credit: M-C Claes. Fine Arts Museum Verviers, Belgium.<\/sup><\/p>\n\n\n\n<figure class=\"wp-block-image\"><img alt=\"\"\/><\/figure>\n\n\n\n<p><\/p>\n","protected":false},"excerpt":{"rendered":"<p>Alors que la crise sanitaire \u00e9tait toujours d\u2019actualit\u00e9, une nouvelle crise a frapp\u00e9 la Belgique en juillet 2021 suite aux inondations in\u00e9dites.<\/p>\n","protected":false},"author":30,"featured_media":3496,"comment_status":"open","ping_status":"open","sticky":false,"template":"","format":"standard","meta":{"_links_to":"","_links_to_target":""},"categories":[182,1],"tags":[185],"uagb_featured_image_src":{"full":["https:\/\/archivesquarantainearchief.be\/wp-content\/uploads\/2021\/11\/Image1.jpg",1386,775,false],"thumbnail":["https:\/\/archivesquarantainearchief.be\/wp-content\/uploads\/2021\/11\/Image1-150x150.jpg",150,150,true],"medium":["https:\/\/archivesquarantainearchief.be\/wp-content\/uploads\/2021\/11\/Image1-300x168.jpg",300,168,true],"medium_large":["https:\/\/archivesquarantainearchief.be\/wp-content\/uploads\/2021\/11\/Image1-768x429.jpg",768,429,true],"large":["https:\/\/archivesquarantainearchief.be\/wp-content\/uploads\/2021\/11\/Image1-1024x573.jpg",1024,573,true],"1536x1536":["https:\/\/archivesquarantainearchief.be\/wp-content\/uploads\/2021\/11\/Image1.jpg",1386,775,false],"2048x2048":["https:\/\/archivesquarantainearchief.be\/wp-content\/uploads\/2021\/11\/Image1.jpg",1386,775,false],"trp-custom-language-flag":["https:\/\/archivesquarantainearchief.be\/wp-content\/uploads\/2021\/11\/Image1-18x10.jpg",18,10,true],"neve-blog":["https:\/\/archivesquarantainearchief.be\/wp-content\/uploads\/2021\/11\/Image1-930x620.jpg",930,620,true],"audioigniter_cover":["https:\/\/archivesquarantainearchief.be\/wp-content\/uploads\/2021\/11\/Image1-560x560.jpg",560,560,true]},"uagb_author_info":{"display_name":"AAFB","author_link":"https:\/\/archivesquarantainearchief.be\/fr\/author\/cbeaudoux\/"},"uagb_comment_info":0,"uagb_excerpt":"Alors que la crise sanitaire \u00e9tait toujours d\u2019actualit\u00e9, une nouvelle crise a frapp\u00e9 la Belgique en juillet 2021 suite aux inondations in\u00e9dites.","_links":{"self":[{"href":"https:\/\/archivesquarantainearchief.be\/fr\/wp-json\/wp\/v2\/posts\/3491"}],"collection":[{"href":"https:\/\/archivesquarantainearchief.be\/fr\/wp-json\/wp\/v2\/posts"}],"about":[{"href":"https:\/\/archivesquarantainearchief.be\/fr\/wp-json\/wp\/v2\/types\/post"}],"author":[{"embeddable":true,"href":"https:\/\/archivesquarantainearchief.be\/fr\/wp-json\/wp\/v2\/users\/30"}],"replies":[{"embeddable":true,"href":"https:\/\/archivesquarantainearchief.be\/fr\/wp-json\/wp\/v2\/comments?post=3491"}],"version-history":[{"count":15,"href":"https:\/\/archivesquarantainearchief.be\/fr\/wp-json\/wp\/v2\/posts\/3491\/revisions"}],"predecessor-version":[{"id":3536,"href":"https:\/\/archivesquarantainearchief.be\/fr\/wp-json\/wp\/v2\/posts\/3491\/revisions\/3536"}],"wp:featuredmedia":[{"embeddable":true,"href":"https:\/\/archivesquarantainearchief.be\/fr\/wp-json\/wp\/v2\/media\/3496"}],"wp:attachment":[{"href":"https:\/\/archivesquarantainearchief.be\/fr\/wp-json\/wp\/v2\/media?parent=3491"}],"wp:term":[{"taxonomy":"category","embeddable":true,"href":"https:\/\/archivesquarantainearchief.be\/fr\/wp-json\/wp\/v2\/categories?post=3491"},{"taxonomy":"post_tag","embeddable":true,"href":"https:\/\/archivesquarantainearchief.be\/fr\/wp-json\/wp\/v2\/tags?post=3491"}],"curies":[{"name":"wp","href":"https:\/\/api.w.org\/{rel}","templated":true}]}}