{"id":3944,"date":"2021-06-28T15:09:00","date_gmt":"2021-06-28T13:09:00","guid":{"rendered":"https:\/\/archivesquarantainearchief.be\/?p=3944"},"modified":"2022-06-01T15:51:05","modified_gmt":"2022-06-01T13:51:05","slug":"podcast-6-etudiantes-archivistes-cest-triste-de-faire-un-metier-si-important-qui-soit-si-peu-considere","status":"publish","type":"post","link":"https:\/\/archivesquarantainearchief.be\/fr\/2021\/06\/28\/podcast-6-etudiantes-archivistes-cest-triste-de-faire-un-metier-si-important-qui-soit-si-peu-considere\/","title":{"rendered":"PODCAST #6 &#8211; Etudiantes archivistes : &#8220;C\u2019est triste de faire un m\u00e9tier si important qui soit si peu consid\u00e9r\u00e9&#8221;"},"content":{"rendered":"\n<figure class=\"wp-block-image size-large\"><img loading=\"lazy\" width=\"1024\" height=\"647\" src=\"https:\/\/archivesquarantainearchief.be\/wp-content\/uploads\/2022\/05\/VMVDAC_Episode6-2-1024x647.jpg\" alt=\"\" class=\"wp-image-3949\" srcset=\"https:\/\/archivesquarantainearchief.be\/wp-content\/uploads\/2022\/05\/VMVDAC_Episode6-2-1024x647.jpg 1024w, https:\/\/archivesquarantainearchief.be\/wp-content\/uploads\/2022\/05\/VMVDAC_Episode6-2-300x190.jpg 300w, https:\/\/archivesquarantainearchief.be\/wp-content\/uploads\/2022\/05\/VMVDAC_Episode6-2-768x485.jpg 768w, https:\/\/archivesquarantainearchief.be\/wp-content\/uploads\/2022\/05\/VMVDAC_Episode6-2-1536x970.jpg 1536w, https:\/\/archivesquarantainearchief.be\/wp-content\/uploads\/2022\/05\/VMVDAC_Episode6-2-2048x1294.jpg 2048w, https:\/\/archivesquarantainearchief.be\/wp-content\/uploads\/2022\/05\/VMVDAC_Episode6-2-18x12.jpg 18w\" sizes=\"(max-width: 1024px) 100vw, 1024px\" \/><\/figure>\n\n\n\n<p>Nous recevons dans ce podcast <strong>\u00c9milie Vermaut et Luna de Kerchove,&nbsp;toutes deux \u00e9tudiantes en premi\u00e8re ann\u00e9e de Master en Histoire, \u00e0 finalit\u00e9 Archives<\/strong>, \u00e0 l\u2019Universit\u00e9 catholique de Louvain (UCL), et stagiaires \u00e0 l&#8217;AAFB au d\u00e9but du lancement du projet Archives de quarantaine.<\/p>\n\n\n\n<p class=\"has-background\" style=\"background-color:#b3deec\"><strong>ECOUTEZ LE PODCAST #6 sur notre page d\u00e9di\u00e9e &gt; <a rel=\"noreferrer noopener\" href=\"https:\/\/archivesquarantainearchief.be\/fr\/podcasts\/\" target=\"_blank\">https:\/\/archivesquarantainearchief.be\/fr\/podcasts\/<\/a><\/strong> <strong>ou directement dans le lecteur ci-dessous<\/strong><\/p>\n\n\n\n<figure class=\"wp-block-audio\"><audio controls src=\"https:\/\/archivesquarantainearchief.be\/wp-content\/uploads\/2021\/11\/VMVDAC6.mp3\"><\/audio><\/figure>\n\n\n\n<p>Dans ce podcast, les deux \u00e9tudiantes racontent d&#8217;abord pourquoi elle ont choisi ces \u00e9tudes. &#8220;Pour moi c&#8217;\u00e9tait vraiment une \u00e9vidence, une passion depuis que je suis toute petite&#8221;, indique Luna de Kerchove. Elle se souvient quand elle a \u00e9t\u00e9 vraiment en contact avec des archives : &#8220;surtout dans le contexte de mes s\u00e9minaires, j\u2019ai d\u00e9pouill\u00e9 des archives et tout d\u2019un coup je me suis rendue compte que ma vision en a \u00e9t\u00e9 chang\u00e9e&nbsp;: c\u2019est beaucoup plus int\u00e9ressant que ce que je pensais, <strong>cette Histoire brute qu\u2019on a au travers des archives me fascinait&nbsp;!&#8221;<\/strong><\/p>\n\n\n\n<p>Emilie Vermaut, elle,&nbsp;a longtemps h\u00e9sit\u00e9 entre la m\u00e9decine et l\u2019Histoire&nbsp;: &#8220;je ne savais pas trop \u00e0 quoi m\u2019attendre avec des \u00e9tudes en Histoire, je pensais qu\u2019on allait manger des dates, et en fait c\u2019est plus int\u00e9ressant que \u00e7a : on va en archives, on touche des documents,<strong> on voit des documents que personne d\u2019autre avant nous n\u2019a vraiment \u00e9tudi\u00e9s&#8221;<\/strong>, s&#8217;enthousiasme-t-elle.<\/p>\n\n\n\n<p>Les deux \u00e9tudiantes reviennent sur ce qu\u2019elles ont plus ou moins aim\u00e9 dans leurs \u00e9tudes d\u2019Histoire. &#8220;<strong>En Master il faudrait peut-\u00eatre qu\u2019il y ait un renouvellement et une remise en question du Master, et peut-\u00eatre se tourner plus vers la pratique et vers l\u2019archivistique.<\/strong> Je trouve qu\u2019en Master pour le moment il y a encore beaucoup de cours th\u00e9oriques, ce qui ne va pas m\u2019aider en tant que future archiviste.&#8221; Elles regrettent \u00e9galement que les stages soit trop courts m\u00eame si ils permettent de se faire une meilleure image du m\u00e9tier. &#8220;Ca m\u2019a renforc\u00e9 dans mon choix parce que je me suis rendue compte qu\u2019il y avait beaucoup de choses \u00e0 faire, et<strong> autre chose que juste donner des documents, juste \u00eatre en salle de lecture, ou juste ranger des bo\u00eetes ou des documents dans des bo\u00eetes.<\/strong>&#8220;<\/p>\n\n\n\n<h2>&#8220;On pourrait faire tellement plus ! &#8220;<\/h2>\n\n\n\n<p>Mais d&#8217;autres d\u00e9couvertes moins joyeuses, comme le manque de budget, le manque de temps, ou de personnel, leur laisse \u00e9galement un go\u00fbt amer. &#8220;C\u2019est triste de faire un m\u00e9tier si important qui soit si peu consid\u00e9r\u00e9 par les autres.&#8221; <strong>&#8220;On pourrait faire tellement de belles choses si on avait le budget qui suivait, le personnel qui suivait, on pourrait faire tellement plus&nbsp;!<\/strong> Et se faire plus conna\u00eetre par le grand public&nbsp;!&#8221;<\/p>\n\n\n\n<p>La crise Covid n\u2019a pas \u00e9pargn\u00e9 les \u00e9tudiants et \u00e9tudiantes&nbsp;: fermeture des \u00e9tablissements, arr\u00eat des cours, t\u00e9l\u00e9travail, etc. &#8220;Ce n&#8217;\u00e9tait pas facile du tout, surtout qu\u2019au d\u00e9but rien n\u2019\u00e9tait organis\u00e9&nbsp;&#8220;. Les \u00e9tudiantes racontent comment il a fallu s&#8217;adapter pour continuer les travaux de recherche, sans la biblioth\u00e8que, gr\u00e2ce \u00e0 des \u00e9changes de livres, des sites pour en t\u00e9l\u00e9charger. <strong>&#8220;C\u2019\u00e9tait sans cesse se demander&nbsp;: comment je vais arriver \u00e0 trouver cette ressource\u2026&#8221;<\/strong> &#8220;Il a fallu trouver une autre mani\u00e8re de faire ses recherches&#8221;.<\/p>\n\n\n\n<h2>&#8220;Un m\u00e9tier de l&#8217;ombre mais tr\u00e8s important&#8221;<\/h2>\n\n\n\n<p>Emilie et Luna ont entam\u00e9 un stage \u00e0 l&#8217;AAFB en mai 2020, rejoignant <a rel=\"noreferrer noopener\" href=\"https:\/\/archivesquarantainearchief.be\/fr\/pourquoi-ce-site\/\" target=\"_blank\">le projet Archives de quarantaine<\/a>. &#8220;On d\u00e9pendait surtout d&#8217;\u00e9changes de mails, de rendez-vous Skype ou Zoom, c\u2019\u00e9tait un peu d\u00e9routant au d\u00e9part, parce que dans ma t\u00eate quand on parlait de stage c\u2019\u00e9tait poser directement une question \u00e0 la personne, l\u00e0 c\u2019\u00e9tait beaucoup plus complexe,<strong> on n\u2019a jamais rencontr\u00e9 en vrai les personnes avec lesquelles on a travaill\u00e9, \u00e7a c\u2019\u00e9tait d\u00e9routant\u2026<\/strong>&#8220;<\/p>\n\n\n\n<p>Travailler sur le projet Archives de quarantaine a renforc\u00e9 leur envie d\u2019\u00eatre archiviste. &#8220;Je ne pensais pas qu\u2019autant de centres d\u2019archives le feraient [se lancer dans la collecte de t\u00e9moignages de cette p\u00e9riode de crise] et de mani\u00e8re aussi dynamique, pro active, j\u2019\u00e9tais vraiment impressionn\u00e9e&#8221;, <strong>&#8220;je n\u2019avais pas encore vu d\u2018archiviste faire un travail comme \u00e7a&#8221;<\/strong>, ajoutent-elles. Ce projet est donc venu compl\u00e9ter leur image du m\u00e9tier, qu&#8217;elles d\u00e9crivent comme <strong>&#8220;un m\u00e9tier de l&#8217;ombre mais tr\u00e8s important&#8221; et tr\u00e8s m\u00e9connu. <\/strong>Les deux \u00e9tudiantes ont relev\u00e9 que les deux probl\u00e8mes majeurs sont des probl\u00e8mes de communication et de visibilit\u00e9 du m\u00e9tier d\u2019archiviste.<\/p>\n\n\n\n<h2>&#8220;Qui r\u00e9pond \u00e0 ces questions&nbsp;? Les historiens entre autres. Et \u00e0 l\u2019aide de quoi&nbsp;? A l\u2019aide d\u2019archives.&#8221;<\/h2>\n\n\n\n<p>En travaillant sur le projet AQA, elles ont \u00e9galement saisi les d\u00e9fis qui les attendent dans ce m\u00e9tier, notamment la question des archives num\u00e9riques. <strong>\u00c9milie Vermaut<\/strong> a d&#8217;ailleurs \u00e9crit <a rel=\"noreferrer noopener\" href=\"https:\/\/archivesquarantainearchief.be\/fr\/2021\/05\/06\/les-metadonnees-introduction-a-la-discipline\/\" target=\"_blank\">un article sur les m\u00e9tadonn\u00e9e<\/a>s lors de son stage \u00e0 l&#8217;AAFB. <\/p>\n\n\n\n<p>Pour finir, dans ce podcast, les deux \u00e9tudiantes s&#8217;adressent <strong>aux archivistes de demain<\/strong>. &#8220;Les futurs historiens sont un peu le noyau de la soci\u00e9t\u00e9. D\u00e9j\u00e0 il leur faudra beaucoup de courage car ce n\u2019est pas facile comme \u00e9tudes, mais apr\u00e8s on est au centre de plein de questions soci\u00e9tales, par exemple actuellement avec le questionnement autour des statues de Leopold II : <strong>au final derri\u00e8re, qui r\u00e9pond \u00e0 ces questions&nbsp;? Les historiens entre autres. Et \u00e0 l\u2019aide de quoi&nbsp;? A l\u2019aide d\u2019archives.&#8221;<\/strong><\/p>\n\n\n\n<p>Et Luna ajoute : &#8220;Moi je leur dirais&nbsp;: <strong>fonce, \u00e7a vaut vraiment la peine&nbsp;!<\/strong> C\u2019est super int\u00e9ressant, on apprend tous les jours, on est vraiment au c\u0153ur du m\u00e9tier, pour moi <strong>l\u2019archiviste est vraiment le squelette de l\u2019historien<\/strong>, parce que sans l\u2019archiviste il ne pourrait pas y avoir les autres m\u00e9tiers en Histoire&#8221;.<\/p>\n\n\n\n<p>Retrouvez l&#8217;int\u00e9gralit\u00e9 des propos de nos intervenants dans le podcast &gt; <strong><a rel=\"noreferrer noopener\" href=\"https:\/\/archivesquarantainearchief.be\/fr\/podcasts\/\" target=\"_blank\">https:\/\/archivesquarantainearchief.be\/fr\/podcasts\/<\/a><\/strong><\/p>\n","protected":false},"excerpt":{"rendered":"<p>Nous recevons dans ce podcast \u00c9milie Vermaut et Luna de Kerchove, toutes deux \u00e9tudiantes en Master en Histoire, \u00e0 finalit\u00e9 Archives, \u00e0 l\u2019Universit\u00e9 catholique de Louvain (UCL), et stagiaires \u00e0 l&#8217;AAFB au d\u00e9but du lancement du projet Archives de quarantaine.<\/p>\n","protected":false},"author":30,"featured_media":3949,"comment_status":"open","ping_status":"open","sticky":false,"template":"","format":"standard","meta":{"_links_to":"","_links_to_target":""},"categories":[179,180,6,63],"tags":[],"uagb_featured_image_src":{"full":["https:\/\/archivesquarantainearchief.be\/wp-content\/uploads\/2022\/05\/VMVDAC_Episode6-2-scaled.jpg",2560,1617,false],"thumbnail":["https:\/\/archivesquarantainearchief.be\/wp-content\/uploads\/2022\/05\/VMVDAC_Episode6-2-150x150.jpg",150,150,true],"medium":["https:\/\/archivesquarantainearchief.be\/wp-content\/uploads\/2022\/05\/VMVDAC_Episode6-2-300x190.jpg",300,190,true],"medium_large":["https:\/\/archivesquarantainearchief.be\/wp-content\/uploads\/2022\/05\/VMVDAC_Episode6-2-768x485.jpg",768,485,true],"large":["https:\/\/archivesquarantainearchief.be\/wp-content\/uploads\/2022\/05\/VMVDAC_Episode6-2-1024x647.jpg",1024,647,true],"1536x1536":["https:\/\/archivesquarantainearchief.be\/wp-content\/uploads\/2022\/05\/VMVDAC_Episode6-2-1536x970.jpg",1536,970,true],"2048x2048":["https:\/\/archivesquarantainearchief.be\/wp-content\/uploads\/2022\/05\/VMVDAC_Episode6-2-2048x1294.jpg",2048,1294,true],"trp-custom-language-flag":["https:\/\/archivesquarantainearchief.be\/wp-content\/uploads\/2022\/05\/VMVDAC_Episode6-2-18x12.jpg",18,12,true],"neve-blog":["https:\/\/archivesquarantainearchief.be\/wp-content\/uploads\/2022\/05\/VMVDAC_Episode6-2-930x620.jpg",930,620,true],"audioigniter_cover":["https:\/\/archivesquarantainearchief.be\/wp-content\/uploads\/2022\/05\/VMVDAC_Episode6-2-560x560.jpg",560,560,true]},"uagb_author_info":{"display_name":"AAFB","author_link":"https:\/\/archivesquarantainearchief.be\/fr\/author\/cbeaudoux\/"},"uagb_comment_info":2,"uagb_excerpt":"Nous recevons dans ce podcast \u00c9milie Vermaut et Luna de Kerchove, toutes deux \u00e9tudiantes en Master en Histoire, \u00e0 finalit\u00e9 Archives, \u00e0 l\u2019Universit\u00e9 catholique de Louvain (UCL), et stagiaires \u00e0 l'AAFB au d\u00e9but du lancement du projet Archives de quarantaine.","_links":{"self":[{"href":"https:\/\/archivesquarantainearchief.be\/fr\/wp-json\/wp\/v2\/posts\/3944"}],"collection":[{"href":"https:\/\/archivesquarantainearchief.be\/fr\/wp-json\/wp\/v2\/posts"}],"about":[{"href":"https:\/\/archivesquarantainearchief.be\/fr\/wp-json\/wp\/v2\/types\/post"}],"author":[{"embeddable":true,"href":"https:\/\/archivesquarantainearchief.be\/fr\/wp-json\/wp\/v2\/users\/30"}],"replies":[{"embeddable":true,"href":"https:\/\/archivesquarantainearchief.be\/fr\/wp-json\/wp\/v2\/comments?post=3944"}],"version-history":[{"count":10,"href":"https:\/\/archivesquarantainearchief.be\/fr\/wp-json\/wp\/v2\/posts\/3944\/revisions"}],"predecessor-version":[{"id":4017,"href":"https:\/\/archivesquarantainearchief.be\/fr\/wp-json\/wp\/v2\/posts\/3944\/revisions\/4017"}],"wp:featuredmedia":[{"embeddable":true,"href":"https:\/\/archivesquarantainearchief.be\/fr\/wp-json\/wp\/v2\/media\/3949"}],"wp:attachment":[{"href":"https:\/\/archivesquarantainearchief.be\/fr\/wp-json\/wp\/v2\/media?parent=3944"}],"wp:term":[{"taxonomy":"category","embeddable":true,"href":"https:\/\/archivesquarantainearchief.be\/fr\/wp-json\/wp\/v2\/categories?post=3944"},{"taxonomy":"post_tag","embeddable":true,"href":"https:\/\/archivesquarantainearchief.be\/fr\/wp-json\/wp\/v2\/tags?post=3944"}],"curies":[{"name":"wp","href":"https:\/\/api.w.org\/{rel}","templated":true}]}}