{"id":4080,"date":"2022-10-20T14:40:01","date_gmt":"2022-10-20T12:40:01","guid":{"rendered":"https:\/\/archivesquarantainearchief.be\/?p=4080"},"modified":"2022-10-20T14:49:45","modified_gmt":"2022-10-20T12:49:45","slug":"la-bibliotheque-numerique-internet-archive-met-en-ligne-un-portail-special-covid-19","status":"publish","type":"post","link":"https:\/\/archivesquarantainearchief.be\/fr\/2022\/10\/20\/la-bibliotheque-numerique-internet-archive-met-en-ligne-un-portail-special-covid-19\/","title":{"rendered":"Internet Archive met en ligne un portail sp\u00e9cial Covid-19"},"content":{"rendered":"\n<p>Internet Archive, organisme c\u00e9l\u00e8bre pour archiver le web, a cr\u00e9e un portail sp\u00e9cial Covid-19 <a rel=\"noreferrer noopener\" href=\"https:\/\/blog.archive.org\/2022\/10\/11\/covid-19-web-archive\/\" target=\"_blank\">lanc\u00e9 la semaine derni\u00e8re<\/a> : le <a rel=\"noreferrer noopener\" href=\"https:\/\/covid19.archive-it.org\/\" data-type=\"URL\" data-id=\"https:\/\/covid19.archive-it.org\/\" target=\"_blank\">&#8220;Covid-19 web archive&#8221;<\/a> rassemble plus de 160 collections d&#8217;archives en ligne, cr\u00e9\u00e9es par plus de 125 biblioth\u00e9caires, archivistes ou organisations essentiellement aux Etats-Unis peut-on voir sur <a rel=\"noreferrer noopener\" href=\"https:\/\/covid19.archive-it.org\/\" target=\"_blank\">la carte \u00e0 disposition<\/a>. Le portail comptabilise pr\u00e8s de 90 t\u00e9raoctets de donn\u00e9es, compos\u00e9es de plus de 1,5 milliard de pages web.<\/p>\n\n\n\n<p>Le portail sera continuellement mis \u00e0 jour, indique le site, ajoutant un mail de contact pour envoyer d&#8217;autres collections : <a rel=\"noreferrer noopener\" href=\"mailto:covidwebarchive@archive.org\" target=\"_blank\">covidwebarchive@archive.org<\/a>.<\/p>\n\n\n\n<p>Un webinar d&#8217;information est pr\u00e9vu le 27 octobre, plus d&#8217;infos<a href=\"https:\/\/blog.archive.org\/2022\/10\/11\/covid-19-web-archive\/\" target=\"_blank\" rel=\"noreferrer noopener\"> sur cette page.<\/a><\/p>\n\n\n\n<p><\/p>\n","protected":false},"excerpt":{"rendered":"<p>Internet Archive a cr\u00e9e un portail sp\u00e9cial Covid-19 lanc\u00e9 la semaine derni\u00e8re : le &#8220;Covid-19 web archive&#8221; rassemble plus de 160 collections d&#8217;archives en ligne.<\/p>\n","protected":false},"author":30,"featured_media":4085,"comment_status":"open","ping_status":"open","sticky":false,"template":"","format":"standard","meta":{"_links_to":"","_links_to_target":""},"categories":[20,1],"tags":[],"uagb_featured_image_src":{"full":["https:\/\/archivesquarantainearchief.be\/wp-content\/uploads\/2022\/10\/Covid19webarchive.jpg",691,277,false],"thumbnail":["https:\/\/archivesquarantainearchief.be\/wp-content\/uploads\/2022\/10\/Covid19webarchive-150x150.jpg",150,150,true],"medium":["https:\/\/archivesquarantainearchief.be\/wp-content\/uploads\/2022\/10\/Covid19webarchive-300x120.jpg",300,120,true],"medium_large":["https:\/\/archivesquarantainearchief.be\/wp-content\/uploads\/2022\/10\/Covid19webarchive.jpg",691,277,false],"large":["https:\/\/archivesquarantainearchief.be\/wp-content\/uploads\/2022\/10\/Covid19webarchive.jpg",691,277,false],"1536x1536":["https:\/\/archivesquarantainearchief.be\/wp-content\/uploads\/2022\/10\/Covid19webarchive.jpg",691,277,false],"2048x2048":["https:\/\/archivesquarantainearchief.be\/wp-content\/uploads\/2022\/10\/Covid19webarchive.jpg",691,277,false],"trp-custom-language-flag":["https:\/\/archivesquarantainearchief.be\/wp-content\/uploads\/2022\/10\/Covid19webarchive-18x7.jpg",18,7,true],"neve-blog":["https:\/\/archivesquarantainearchief.be\/wp-content\/uploads\/2022\/10\/Covid19webarchive.jpg",691,277,false],"audioigniter_cover":["https:\/\/archivesquarantainearchief.be\/wp-content\/uploads\/2022\/10\/Covid19webarchive-560x277.jpg",560,277,true]},"uagb_author_info":{"display_name":"AAFB","author_link":"https:\/\/archivesquarantainearchief.be\/fr\/author\/cbeaudoux\/"},"uagb_comment_info":86,"uagb_excerpt":"Internet Archive a cr\u00e9e un portail sp\u00e9cial Covid-19 lanc\u00e9 la semaine derni\u00e8re : le \"Covid-19 web archive\" rassemble plus de 160 collections d'archives en ligne.","_links":{"self":[{"href":"https:\/\/archivesquarantainearchief.be\/fr\/wp-json\/wp\/v2\/posts\/4080"}],"collection":[{"href":"https:\/\/archivesquarantainearchief.be\/fr\/wp-json\/wp\/v2\/posts"}],"about":[{"href":"https:\/\/archivesquarantainearchief.be\/fr\/wp-json\/wp\/v2\/types\/post"}],"author":[{"embeddable":true,"href":"https:\/\/archivesquarantainearchief.be\/fr\/wp-json\/wp\/v2\/users\/30"}],"replies":[{"embeddable":true,"href":"https:\/\/archivesquarantainearchief.be\/fr\/wp-json\/wp\/v2\/comments?post=4080"}],"version-history":[{"count":6,"href":"https:\/\/archivesquarantainearchief.be\/fr\/wp-json\/wp\/v2\/posts\/4080\/revisions"}],"predecessor-version":[{"id":4088,"href":"https:\/\/archivesquarantainearchief.be\/fr\/wp-json\/wp\/v2\/posts\/4080\/revisions\/4088"}],"wp:featuredmedia":[{"embeddable":true,"href":"https:\/\/archivesquarantainearchief.be\/fr\/wp-json\/wp\/v2\/media\/4085"}],"wp:attachment":[{"href":"https:\/\/archivesquarantainearchief.be\/fr\/wp-json\/wp\/v2\/media?parent=4080"}],"wp:term":[{"taxonomy":"category","embeddable":true,"href":"https:\/\/archivesquarantainearchief.be\/fr\/wp-json\/wp\/v2\/categories?post=4080"},{"taxonomy":"post_tag","embeddable":true,"href":"https:\/\/archivesquarantainearchief.be\/fr\/wp-json\/wp\/v2\/tags?post=4080"}],"curies":[{"name":"wp","href":"https:\/\/api.w.org\/{rel}","templated":true}]}}