{"id":2128,"date":"2020-05-01T10:20:02","date_gmt":"2020-05-01T08:20:02","guid":{"rendered":"https:\/\/archivesquarantainearchief.be\/?p=2128"},"modified":"2020-05-01T13:36:16","modified_gmt":"2020-05-01T11:36:16","slug":"nationalenaaiactie-maakjemondmasker","status":"publish","type":"post","link":"https:\/\/archivesquarantainearchief.be\/nl\/2020\/05\/01\/nationalenaaiactie-maakjemondmasker\/","title":{"rendered":"#NationaleNaaiActie\n#Maakjemondmasker"},"content":{"rendered":"<div data-elementor-type=\"wp-post\" data-elementor-id=\"2128\" class=\"elementor elementor-2128\" data-elementor-settings=\"[]\">\n\t\t\t\t\t\t<div class=\"elementor-inner\">\n\t\t\t\t\t\t\t<div class=\"elementor-section-wrap\">\n\t\t\t\t\t\t\t<section class=\"elementor-section elementor-top-section elementor-element elementor-element-112b46b1 elementor-section-boxed elementor-section-height-default elementor-section-height-default\" data-id=\"112b46b1\" data-element_type=\"section\">\n\t\t\t\t\t\t<div class=\"elementor-container elementor-column-gap-default\">\n\t\t\t\t\t\t\t<div class=\"elementor-row\">\n\t\t\t\t\t<div class=\"elementor-column elementor-col-100 elementor-top-column elementor-element elementor-element-3a6321ba\" data-id=\"3a6321ba\" data-element_type=\"column\">\n\t\t\t<div class=\"elementor-column-wrap elementor-element-populated\">\n\t\t\t\t\t\t\t<div class=\"elementor-widget-wrap\">\n\t\t\t\t\t\t<div class=\"elementor-element elementor-element-806b0e6 elementor-widget elementor-widget-image\" data-id=\"806b0e6\" data-element_type=\"widget\" data-no-translation=\"\" data-widget_type=\"image.default\">\n\t\t\t\t<div class=\"elementor-widget-container\">\n\t\t\t\t\t\t\t\t<div class=\"elementor-image\">\n\t\t\t\t\t\t\t\t\t\t\t\t<img width=\"930\" height=\"400\" src=\"https:\/\/archivesquarantainearchief.be\/wp-content\/uploads\/2020\/05\/930x400.png\" class=\"attachment-neve-blog size-neve-blog\" alt=\"\" loading=\"lazy\" srcset=\"https:\/\/archivesquarantainearchief.be\/wp-content\/uploads\/2020\/05\/930x400.png 930w, https:\/\/archivesquarantainearchief.be\/wp-content\/uploads\/2020\/05\/930x400-300x129.png 300w, https:\/\/archivesquarantainearchief.be\/wp-content\/uploads\/2020\/05\/930x400-768x330.png 768w\" sizes=\"(max-width: 930px) 100vw, 930px\" \/>\t\t\t\t\t\t\t\t\t\t\t\t\t\t<\/div>\n\t\t\t\t\t\t<\/div>\n\t\t\t\t<\/div>\n\t\t\t\t<div class=\"elementor-element elementor-element-af701b3 elementor-widget elementor-widget-image\" data-id=\"af701b3\" data-element_type=\"widget\" data-no-translation=\"\" data-widget_type=\"image.default\">\n\t\t\t\t<div class=\"elementor-widget-container\">\n\t\t\t<style>.elementor-element-af701b3{display:none !important}<\/style>\t\t<\/div>\n\t\t\t\t<\/div>\n\t\t\t\t<div class=\"elementor-element elementor-element-72951ec5 elementor-widget elementor-widget-text-editor\" data-id=\"72951ec5\" data-element_type=\"widget\" data-no-translation=\"\" data-widget_type=\"text-editor.default\">\n\t\t\t\t<div class=\"elementor-widget-container\">\n\t\t\t\t\t\t\t\t<div class=\"elementor-text-editor elementor-clearfix\">\n\t\t\t\t<p><!-- wp:paragraph --><\/p>\n<p>Het is stilaan duidelijk dat mondmaskers een belangrijke rol zullen spelen bij de exitstrategie. <a href=\"https:\/\/maakjemondmasker.be\" target=\"_blank\" rel=\"noopener\">Maakjemondmasker.be<\/a> organiseert daarom de <strong>grootste Belgische mondmaskeractie<\/strong> ooit. Ze roepen iedereen op om zelf herbruikbare mondmaskers te maken voor iedereen: vrienden, familie, buren, leerkrachten&#8230; Zo helpen we elkaar om <a href=\"https:\/\/www.facebook.com\/hashtag\/covid19be\">#COVID19<\/a> te bestrijden.<\/p>\n<p><!-- \/wp:paragraph --><\/p>\n<p><!-- wp:paragraph --><\/p>\n<p>#NationaleNaaiActie #Maakjemondmasker<\/p>\n<p><!-- \/wp:paragraph --><\/p>\t\t\t\t\t<\/div>\n\t\t\t\t\t\t<\/div>\n\t\t\t\t<\/div>\n\t\t\t\t<div class=\"elementor-element elementor-element-94547ef elementor-widget elementor-widget-text-editor\" data-id=\"94547ef\" data-element_type=\"widget\" data-no-translation=\"\" data-widget_type=\"text-editor.default\">\n\t\t\t\t<div class=\"elementor-widget-container\">\n\t\t\t<style>.elementor-element-94547ef{display:none !important}<\/style>\t\t<\/div>\n\t\t\t\t<\/div>\n\t\t\t\t\t\t<\/div>\n\t\t\t\t\t<\/div>\n\t\t<\/div>\n\t\t\t\t\t\t\t\t<\/div>\n\t\t\t\t\t<\/div>\n\t\t<\/section>\n\t\t\t\t\t\t<\/div>\n\t\t\t\t\t\t<\/div>\n\t\t\t\t\t<\/div>","protected":false},"excerpt":{"rendered":"<p>Het is stilaan duidelijk dat mondmaskers een belangrijke rol zullen spelen bij de exitstrategie. Maakjemondmasker.be organiseert...<\/p>","protected":false},"author":10,"featured_media":2149,"comment_status":"open","ping_status":"open","sticky":false,"template":"","format":"standard","meta":{"_links_to":"","_links_to_target":""},"categories":[5,60,61],"tags":[],"uagb_featured_image_src":{"full":["https:\/\/archivesquarantainearchief.be\/wp-content\/uploads\/2020\/05\/ActionNationaledeCouture.png",930,400,false],"thumbnail":["https:\/\/archivesquarantainearchief.be\/wp-content\/uploads\/2020\/05\/ActionNationaledeCouture-150x150.png",150,150,true],"medium":["https:\/\/archivesquarantainearchief.be\/wp-content\/uploads\/2020\/05\/ActionNationaledeCouture-300x129.png",300,129,true],"medium_large":["https:\/\/archivesquarantainearchief.be\/wp-content\/uploads\/2020\/05\/ActionNationaledeCouture-768x330.png",768,330,true],"large":["https:\/\/archivesquarantainearchief.be\/wp-content\/uploads\/2020\/05\/ActionNationaledeCouture.png",930,400,false],"1536x1536":["https:\/\/archivesquarantainearchief.be\/wp-content\/uploads\/2020\/05\/ActionNationaledeCouture.png",930,400,false],"2048x2048":["https:\/\/archivesquarantainearchief.be\/wp-content\/uploads\/2020\/05\/ActionNationaledeCouture.png",930,400,false],"trp-custom-language-flag":["https:\/\/archivesquarantainearchief.be\/wp-content\/uploads\/2020\/05\/ActionNationaledeCouture.png",18,8,false],"neve-blog":["https:\/\/archivesquarantainearchief.be\/wp-content\/uploads\/2020\/05\/ActionNationaledeCouture.png",930,400,false],"audioigniter_cover":["https:\/\/archivesquarantainearchief.be\/wp-content\/uploads\/2020\/05\/ActionNationaledeCouture.png",560,241,false]},"uagb_author_info":{"display_name":"Willem Vanneste","author_link":"https:\/\/archivesquarantainearchief.be\/nl\/author\/wvanneste\/"},"uagb_comment_info":0,"uagb_excerpt":"Faitesvotremasquebuccal.be organise la plus grande op\u00e9ration belge de fabrication de masque buccal jamais r\u00e9alis\u00e9e...","_links":{"self":[{"href":"https:\/\/archivesquarantainearchief.be\/nl\/wp-json\/wp\/v2\/posts\/2128"}],"collection":[{"href":"https:\/\/archivesquarantainearchief.be\/nl\/wp-json\/wp\/v2\/posts"}],"about":[{"href":"https:\/\/archivesquarantainearchief.be\/nl\/wp-json\/wp\/v2\/types\/post"}],"author":[{"embeddable":true,"href":"https:\/\/archivesquarantainearchief.be\/nl\/wp-json\/wp\/v2\/users\/10"}],"replies":[{"embeddable":true,"href":"https:\/\/archivesquarantainearchief.be\/nl\/wp-json\/wp\/v2\/comments?post=2128"}],"version-history":[{"count":19,"href":"https:\/\/archivesquarantainearchief.be\/nl\/wp-json\/wp\/v2\/posts\/2128\/revisions"}],"predecessor-version":[{"id":2156,"href":"https:\/\/archivesquarantainearchief.be\/nl\/wp-json\/wp\/v2\/posts\/2128\/revisions\/2156"}],"wp:featuredmedia":[{"embeddable":true,"href":"https:\/\/archivesquarantainearchief.be\/nl\/wp-json\/wp\/v2\/media\/2149"}],"wp:attachment":[{"href":"https:\/\/archivesquarantainearchief.be\/nl\/wp-json\/wp\/v2\/media?parent=2128"}],"wp:term":[{"taxonomy":"category","embeddable":true,"href":"https:\/\/archivesquarantainearchief.be\/nl\/wp-json\/wp\/v2\/categories?post=2128"},{"taxonomy":"post_tag","embeddable":true,"href":"https:\/\/archivesquarantainearchief.be\/nl\/wp-json\/wp\/v2\/tags?post=2128"}],"curies":[{"name":"wp","href":"https:\/\/api.w.org\/{rel}","templated":true}]}}