{"id":2288,"date":"2020-05-11T17:24:26","date_gmt":"2020-05-11T15:24:26","guid":{"rendered":"https:\/\/archivesquarantainearchief.be\/?p=2288"},"modified":"2020-05-11T17:41:18","modified_gmt":"2020-05-11T15:41:18","slug":"la-musique-un-monde-qui-se-reinvente-en-ces-temps-de-confinement","status":"publish","type":"post","link":"https:\/\/archivesquarantainearchief.be\/nl\/2020\/05\/11\/la-musique-un-monde-qui-se-reinvente-en-ces-temps-de-confinement\/","title":{"rendered":"La musique : un monde qui se r\u00e9invente en ces temps de confinement"},"content":{"rendered":"<p>Concerts en direct des salons des chanteurs, rassemblements de chorales virtuelles gr\u00e2ce \u00e0 la technologie, playlist de soutien aux artistes et musiciens belges\u2026 Voil\u00e0 autant d\u2019initiatives solidaires et positives qui permettent de mettre en avant un secteur noy\u00e9 par la crise sanitaire. <\/p>\n\n\n\n<p>Depuis le mois de mars, le secteur encaisse, coups apr\u00e8s coups, de nombreux reports d\u2019\u00e9v\u00e9nements et annulations. Ces manifestations grand public font habituellement vivre les artistes, salles de concert et autres structures culturelles belges. Aujourd\u2019hui, la situation inqui\u00e8te. <\/p>\n\n\n\n<div class=\"wp-block-image\"><figure class=\"aligncenter size-large is-resized\"><img loading=\"lazy\" src=\"https:\/\/archivesquarantainearchief.be\/wp-content\/uploads\/2020\/05\/capture-de28099ecc81cran-2020-04-14-acc80-17.40.22.png\" alt=\"\" class=\"wp-image-2291\" width=\"499\" height=\"334\" srcset=\"https:\/\/archivesquarantainearchief.be\/wp-content\/uploads\/2020\/05\/capture-de28099ecc81cran-2020-04-14-acc80-17.40.22.png 578w, https:\/\/archivesquarantainearchief.be\/wp-content\/uploads\/2020\/05\/capture-de28099ecc81cran-2020-04-14-acc80-17.40.22-300x201.png 300w\" sizes=\"(max-width: 499px) 100vw, 499px\" \/><\/figure><\/div>\n\n\n\n<p>Le 10 avril dernier,<a rel=\"noreferrer noopener\" aria-label=\" Circuit Live Belge (opens in a new tab)\" href=\"https:\/\/www.court-circuit.be\/\" target=\"_blank\"> Circuit Live Belge<\/a> expliquait dans une<a rel=\"noreferrer noopener\" aria-label=\" lettre ouverte (opens in a new tab)\" href=\"https:\/\/www.court-circuit.be\/actualite\/le-circuit-live-belge-inquiet-pour-sa-survie\/\" target=\"_blank\"> lettre ouverte<\/a>: <em>&#8220;Les artistes et leurs managements voient leurs revenus dispara\u00eetre. Ajoutez \u00e0 cela les d\u00e9g\u00e2ts pour l\u2019entourage complexe de fournisseurs (constructeur\u00b7rice\u00b7s de sc\u00e8nes, soci\u00e9t\u00e9s de son et lumi\u00e8re, location de backline\u2026), d\u2019ind\u00e9pendants et freelances (technicien\u00b7ne\u00b7s du son et de lumi\u00e8re, stagehands, roadies, tour management\u2026), de firmes de catering etc., connect\u00e9s au secteur de la musique et la somme totale s\u2019\u00e9l\u00e8ve au-dessus du milliard. Le revenu d\u2019innombrables associations qui s\u2019engagent chaque ann\u00e9e dans les festivals d\u2019\u00e9t\u00e9 est \u00e9galement menac\u00e9&#8221;.  <\/em> <\/p>\n\n\n\n<p>Quelques jours plus tard, l&#8217;annonce du conseil national de s\u00e9curit\u00e9 relative \u00e0 l&#8217;annulation  des festivals d&#8217;\u00e9t\u00e9 a port\u00e9 un dernier coup de massue au secteur qui esp\u00e8re pouvoir b\u00e9n\u00e9ficier de l&#8217;aide du gouvernement.  Cela ne fait donc aucun doute, les cons\u00e9quences de ce confinement et plus largement, de cette crise sur le monde de la musique belge sera consid\u00e9rable. Malgr\u00e9 tout, les artistes belges restent positifs et utilisent leurs talents pour continuer \u00e0 divertir la population belge&#8230;\u00e0 distance. <\/p>\n\n\n\n<h2>Quelques exemples : <\/h2>\n\n\n\n<h3>MUSIC IS ALIVE : collection de contenus musicaux en p\u00e9riode de confinement<\/h3>\n\n\n\n<div class=\"wp-block-media-text alignwide\" style=\"grid-template-columns:31% auto\"><figure class=\"wp-block-media-text__media\"><img loading=\"lazy\" width=\"532\" height=\"500\" src=\"https:\/\/archivesquarantainearchief.be\/wp-content\/uploads\/2020\/05\/musicisalive-500px.jpg\" alt=\"\" class=\"wp-image-2292\" srcset=\"https:\/\/archivesquarantainearchief.be\/wp-content\/uploads\/2020\/05\/musicisalive-500px.jpg 532w, https:\/\/archivesquarantainearchief.be\/wp-content\/uploads\/2020\/05\/musicisalive-500px-300x282.jpg 300w\" sizes=\"(max-width: 532px) 100vw, 532px\" \/><\/figure><div class=\"wp-block-media-text__content\">\n<p style=\"font-size:15px\"> <a rel=\"noreferrer noopener\" href=\"https:\/\/musicisalive.org\/\" target=\"_blank\">Music is Alive<\/a> r\u00e9unit, sur une m\u00eame plateforme, les initiatives positives pour faire face \u00e0 cette situation sans pr\u00e9c\u00e9dent. Des lives et home-sessions diffus\u00e9s sur les r\u00e9seaux sociaux par des artistes et qui nous r\u00e9confortent. Pour se rapprocher, se rassurer, partager et essayer de continuer \u00e0 vivre la musique, ensemble.Les artistes vous invitent dans leur cuisine ou dans leur salon, pour une session home-made, dont la qualit\u00e9 visuelle et sonore est parfois \u00e0 elle seule un statement artisanal, mais qui ont toutes le m\u00e9rite de cr\u00e9er une \u00e9motion. Ces contenus sont partag\u00e9s sur Music is Alive et restent h\u00e9berg\u00e9s sur les plateformes o\u00f9 ils ont \u00e9t\u00e9 publi\u00e9s \u00e0 la source. Les artistes qui le souhaitent peuvent \u00e9galement soumettre une vid\u00e9o via le site.&nbsp; <\/p>\n<\/div><\/div>\n\n\n\n<h3>Vocal Online\u2026 chante Coldplay\u2026<\/h3>\n\n\n\n<div class=\"wp-block-media-text alignwide\" style=\"grid-template-columns:59% auto\"><figure class=\"wp-block-media-text__media\"><img loading=\"lazy\" width=\"728\" height=\"378\" src=\"https:\/\/archivesquarantainearchief.be\/wp-content\/uploads\/2020\/05\/Sans-titre.png\" alt=\"\" class=\"wp-image-2293\" srcset=\"https:\/\/archivesquarantainearchief.be\/wp-content\/uploads\/2020\/05\/Sans-titre.png 728w, https:\/\/archivesquarantainearchief.be\/wp-content\/uploads\/2020\/05\/Sans-titre-300x156.png 300w\" sizes=\"(max-width: 728px) 100vw, 728px\" \/><\/figure><div class=\"wp-block-media-text__content\">\n<p style=\"font-size:15px\"><strong> \u00c0 quoi ressemble une chorale du monde virtuelle compos\u00e9e de pr\u00e8s de 1.000 chanteurs de chorales de 40 pays diff\u00e9rents ? un d\u00e9fi relev\u00e9 en moins de 5 jours&#8230; <\/strong><\/p>\n\n\n\n<p> C&#8217;est par <a rel=\"noreferrer noopener\" href=\"https:\/\/www.facebook.com\/vocallinedk\/videos\/674868780009848\/?v=674868780009848\" target=\"_blank\">formulier downloaden<\/a> que \u00e7a se passe !<\/p>\n<\/div><\/div>\n\n\n\n<p>  <\/p>\n\n\n\n<p style=\"background-color:#e2c5c3\" class=\"has-background\">Cet article est en constante \u00e9volution ! Vous faites partie d&#8217;une chorale qui s&#8217;est r\u00e9invent\u00e9e pendant ce confinement ? Vous \u00eates artiste, musicien, ou encore organisateur de festivals, la situation vous inqui\u00e8te et vous avez envie de t\u00e9moigner de votre situation ? Vous \u00eates confin\u00e9s et la musique vous a aid\u00e9 \u00e0 surmonter cette p\u00e9riode ? Contactez-nous et contribuez \u00e0 la sauvegarde de la m\u00e9moire de cette crise. <\/p>\n\n\n\n<p>   <\/p>","protected":false},"excerpt":{"rendered":"<p>Depuis le mois de mars, le monde de la musique encaisse de nombreux reports d\u2019\u00e9v\u00e9nements et annulations. Aujourd\u2019hui, la situation inqui\u00e8te. <\/p>","protected":false},"author":4,"featured_media":2294,"comment_status":"open","ping_status":"open","sticky":false,"template":"","format":"standard","meta":{"_links_to":"","_links_to_target":""},"categories":[5,60],"tags":[24,37,151],"uagb_featured_image_src":{"full":["https:\/\/archivesquarantainearchief.be\/wp-content\/uploads\/2020\/05\/capture-de28099ecc81cran-2020-04-14-acc80-17.40.22-1.png",930,400,false],"thumbnail":["https:\/\/archivesquarantainearchief.be\/wp-content\/uploads\/2020\/05\/capture-de28099ecc81cran-2020-04-14-acc80-17.40.22-1-150x150.png",150,150,true],"medium":["https:\/\/archivesquarantainearchief.be\/wp-content\/uploads\/2020\/05\/capture-de28099ecc81cran-2020-04-14-acc80-17.40.22-1-300x129.png",300,129,true],"medium_large":["https:\/\/archivesquarantainearchief.be\/wp-content\/uploads\/2020\/05\/capture-de28099ecc81cran-2020-04-14-acc80-17.40.22-1-768x330.png",768,330,true],"large":["https:\/\/archivesquarantainearchief.be\/wp-content\/uploads\/2020\/05\/capture-de28099ecc81cran-2020-04-14-acc80-17.40.22-1.png",930,400,false],"1536x1536":["https:\/\/archivesquarantainearchief.be\/wp-content\/uploads\/2020\/05\/capture-de28099ecc81cran-2020-04-14-acc80-17.40.22-1.png",930,400,false],"2048x2048":["https:\/\/archivesquarantainearchief.be\/wp-content\/uploads\/2020\/05\/capture-de28099ecc81cran-2020-04-14-acc80-17.40.22-1.png",930,400,false],"trp-custom-language-flag":["https:\/\/archivesquarantainearchief.be\/wp-content\/uploads\/2020\/05\/capture-de28099ecc81cran-2020-04-14-acc80-17.40.22-1.png",18,8,false],"neve-blog":["https:\/\/archivesquarantainearchief.be\/wp-content\/uploads\/2020\/05\/capture-de28099ecc81cran-2020-04-14-acc80-17.40.22-1.png",930,400,false],"audioigniter_cover":["https:\/\/archivesquarantainearchief.be\/wp-content\/uploads\/2020\/05\/capture-de28099ecc81cran-2020-04-14-acc80-17.40.22-1.png",560,241,false]},"uagb_author_info":{"display_name":"Marie Meyer, Oram","author_link":"https:\/\/archivesquarantainearchief.be\/nl\/author\/mmeyer\/"},"uagb_comment_info":2,"uagb_excerpt":"Depuis le mois de mars, le monde de la musique encaisse de nombreux reports d\u2019\u00e9v\u00e9nements et annulations. Aujourd\u2019hui, la situation inqui\u00e8te.","_links":{"self":[{"href":"https:\/\/archivesquarantainearchief.be\/nl\/wp-json\/wp\/v2\/posts\/2288"}],"collection":[{"href":"https:\/\/archivesquarantainearchief.be\/nl\/wp-json\/wp\/v2\/posts"}],"about":[{"href":"https:\/\/archivesquarantainearchief.be\/nl\/wp-json\/wp\/v2\/types\/post"}],"author":[{"embeddable":true,"href":"https:\/\/archivesquarantainearchief.be\/nl\/wp-json\/wp\/v2\/users\/4"}],"replies":[{"embeddable":true,"href":"https:\/\/archivesquarantainearchief.be\/nl\/wp-json\/wp\/v2\/comments?post=2288"}],"version-history":[{"count":13,"href":"https:\/\/archivesquarantainearchief.be\/nl\/wp-json\/wp\/v2\/posts\/2288\/revisions"}],"predecessor-version":[{"id":2308,"href":"https:\/\/archivesquarantainearchief.be\/nl\/wp-json\/wp\/v2\/posts\/2288\/revisions\/2308"}],"wp:featuredmedia":[{"embeddable":true,"href":"https:\/\/archivesquarantainearchief.be\/nl\/wp-json\/wp\/v2\/media\/2294"}],"wp:attachment":[{"href":"https:\/\/archivesquarantainearchief.be\/nl\/wp-json\/wp\/v2\/media?parent=2288"}],"wp:term":[{"taxonomy":"category","embeddable":true,"href":"https:\/\/archivesquarantainearchief.be\/nl\/wp-json\/wp\/v2\/categories?post=2288"},{"taxonomy":"post_tag","embeddable":true,"href":"https:\/\/archivesquarantainearchief.be\/nl\/wp-json\/wp\/v2\/tags?post=2288"}],"curies":[{"name":"wp","href":"https:\/\/api.w.org\/{rel}","templated":true}]}}