{"id":2694,"date":"2020-09-23T15:04:55","date_gmt":"2020-09-23T13:04:55","guid":{"rendered":"https:\/\/archivesquarantainearchief.be\/?p=2694"},"modified":"2020-11-23T15:19:50","modified_gmt":"2020-11-23T14:19:50","slug":"la-contestation-citoyenne-face-a-la-crise-sanitaire","status":"publish","type":"post","link":"https:\/\/archivesquarantainearchief.be\/nl\/2020\/09\/23\/la-contestation-citoyenne-face-a-la-crise-sanitaire\/","title":{"rendered":"La contestation citoyenne face \u00e0 la crise sanitaire"},"content":{"rendered":"<p>Durant la crise sanitaire, de <strong>nombreux groupes et collectifs citoyens<\/strong> se sont form\u00e9s pour d\u00e9noncer la gestion de la crise, pour manifester leur m\u00e9contentement, pour sensibiliser le citoyen et le politique aux in\u00e9galit\u00e9s sociales mises en avant par la crise, pour repenser le monde d&#8217;apr\u00e8s&#8230;..<\/p>\n\n\n\n<p>Retrouvez ci-dessous quelques exemples. Vous avez rep\u00e9r\u00e9 d&#8217;autres initiatives !? N&#8217;h\u00e9sitez pas \u00e0 nous les partager. <\/p>\n\n\n\n<h3>Affiche ton dos <\/h3>\n\n\n\n<p> <a rel=\"noreferrer noopener\" href=\"http:\/\/affichetondos.com\/?fbclid=IwAR0TLHlFw8Du2eKwZcT98dHh8AWbKF7JC7n8qtHCS4yg5ypuDBh7KmwqF8w\" target=\"_blank\">Affichetondos.com<\/a> est un mouvement d&#8217;origine citoyenne \u00e0 vocation artistico-activiste.  <a rel=\"noreferrer noopener\" href=\"http:\/\/affichetondos.com\/?fbclid=IwAR3EhZm8loKl8ONi4RnrlHg3heCjfoZGEun9VzFJxAriRZSQdmf3DP4Plgs\" target=\"_blank\">Affichetondos.com<\/a> se veut compl\u00e9tement a-politique et sans couleur.  Grace \u00e0 SoDos, silhouette de dos, l\u2019intention est de nous amener , nous, citoyens mais \u00e9galement eux, les \u00e9lus \u00e0 prendre un peu de hauteur et \u00e0 reconsid\u00e9rer dans sa globalit\u00e9 le syst\u00e8me dans lequel nous sommes. Chaque citoyen est invit\u00e9 \u00e0  afficher SoDoS sur les fen\u00eatres de leurs maisons, de leur voiture,&#8230;. Un groupe Facebook a \u00e9t\u00e9 cr\u00e9e pour permettre au citoyen de partager les SoDOs affich\u00e9s \u00e0 leurs fen\u00eatres. <\/p>\n\n\n\n<p>SoDoS met en doute la validit\u00e9 de ce syst\u00e8me. Il voit la d\u00e9mocratie dans son \u00e9tat actuel comme une horloge d\u00e9r\u00e9gl\u00e9e. Il veut prendre \u00e0 bras le corps le respect de notre logeuse: la Terre. Il souhaite retrouver l\u2019humain, la douceur envers nos ressources qu\u2019elles soient int\u00e9rieures ou terriennes. <\/p>\n\n\n\n<p>&#8220;Un dos tourn\u00e9 c\u2019est une pr\u00e9sence mais une pr\u00e9sence qui dit non&nbsp;!Une pr\u00e9sence qui dit \u00ab&nbsp;Nous sommes l\u00e0&nbsp;, ne faites pas n\u2019importe quoi&nbsp;!\u00bb, nous sommes nous aussi garant du chemin \u00e0 prendre. Il n\u2019est plus question de marcher sur des routes trac\u00e9es \u00e0 torts et \u00e0 travers. En affichant Sodos, chacun affiche son d\u00e9saccord. Le flop de la crise Covid, ce retour \u00e0 vive allure en arri\u00e8re, comme si de rien \u00e9tait, montre ses limites&nbsp;!&#8221; <\/p>\n\n\n\n<h3><strong>Silhouettes manifestantes<\/strong><\/h3>\n\n\n\n<p><a rel=\"noreferrer noopener\" aria-label=\"Les silhouettes manifestantes (opens in a new tab)\" href=\"https:\/\/www.facebook.com\/groups\/525245498165696\/\" target=\"_blank\">Les silhouettes manifestantes<\/a> est une initiative invitant les citoyens \u00e0 manifester d&#8217;une autre mani\u00e8re \u00e0 savoir par la cr\u00e9ation d&#8217;une silhouette. En effet, le confinement a rendu impossible les manifestations physiques et publiques.   <\/p>\n\n\n\n<p>Un appel aux citoyens a \u00e9t\u00e9 lanc\u00e9 : &#8220;Cr\u00e9ons des silhouettes manifestantes et posons-les \u00e0 des endroits strat\u00e9giques pr\u00e8s de chez nous. Ces silhouettes nous aideront \u00e0 ressentir la force de notre multitude \u00e0 vouloir ce changement profond, \u00e0 lutter pour la bonne gouvernance et de futurs meilleurs votes. Elles repr\u00e9sentent notre foule silencieuse, la fum\u00e9e de notre feu&#8221;.  <\/p>\n\n\n\n<p>D\u00e9couvrez l&#8217;ensemble des cr\u00e9ations sur la <a href=\"https:\/\/www.facebook.com\/groups\/525245498165696\" target=\"_blank\" rel=\"noreferrer noopener\" aria-label=\"page Facebook  (opens in a new tab)\">page Facebook <\/a><\/p>\n\n\n\n<p>Image de couverture \u00a9<a href=\"https:\/\/fr.freepik.com\/vecteurs\/design\">Design vecteur cr\u00e9\u00e9 par freepik &#8211; fr.freepik.com<\/a><\/p>","protected":false},"excerpt":{"rendered":"<p>Durant la crise sanitaire, de nombreux groupes et collectifs citoyens se sont form\u00e9s pour d\u00e9noncer la gestion de la crise, pour manifester leur m\u00e9contentement, pour sensibiliser,&#8230;.<\/p>","protected":false},"author":6,"featured_media":2700,"comment_status":"open","ping_status":"open","sticky":false,"template":"","format":"standard","meta":{"_links_to":"","_links_to_target":""},"categories":[5,60],"tags":[83,15,39],"uagb_featured_image_src":{"full":["https:\/\/archivesquarantainearchief.be\/wp-content\/uploads\/2020\/09\/4001413-scaled.jpg",2560,1707,false],"thumbnail":["https:\/\/archivesquarantainearchief.be\/wp-content\/uploads\/2020\/09\/4001413-150x150.jpg",150,150,true],"medium":["https:\/\/archivesquarantainearchief.be\/wp-content\/uploads\/2020\/09\/4001413-300x200.jpg",300,200,true],"medium_large":["https:\/\/archivesquarantainearchief.be\/wp-content\/uploads\/2020\/09\/4001413-768x512.jpg",768,512,true],"large":["https:\/\/archivesquarantainearchief.be\/wp-content\/uploads\/2020\/09\/4001413-1024x683.jpg",1024,683,true],"1536x1536":["https:\/\/archivesquarantainearchief.be\/wp-content\/uploads\/2020\/09\/4001413-1536x1024.jpg",1536,1024,true],"2048x2048":["https:\/\/archivesquarantainearchief.be\/wp-content\/uploads\/2020\/09\/4001413-2048x1365.jpg",2048,1365,true],"trp-custom-language-flag":["https:\/\/archivesquarantainearchief.be\/wp-content\/uploads\/2020\/09\/4001413-scaled.jpg",18,12,false],"neve-blog":["https:\/\/archivesquarantainearchief.be\/wp-content\/uploads\/2020\/09\/4001413-930x620.jpg",930,620,true],"audioigniter_cover":["https:\/\/archivesquarantainearchief.be\/wp-content\/uploads\/2020\/09\/4001413-scaled.jpg",560,373,false]},"uagb_author_info":{"display_name":"Sarah Lessire","author_link":"https:\/\/archivesquarantainearchief.be\/nl\/author\/slessire\/"},"uagb_comment_info":1,"uagb_excerpt":"Durant la crise sanitaire, de nombreux groupes et collectifs citoyens se sont form\u00e9s pour d\u00e9noncer la gestion de la crise, pour manifester leur m\u00e9contentement, pour sensibiliser,....","_links":{"self":[{"href":"https:\/\/archivesquarantainearchief.be\/nl\/wp-json\/wp\/v2\/posts\/2694"}],"collection":[{"href":"https:\/\/archivesquarantainearchief.be\/nl\/wp-json\/wp\/v2\/posts"}],"about":[{"href":"https:\/\/archivesquarantainearchief.be\/nl\/wp-json\/wp\/v2\/types\/post"}],"author":[{"embeddable":true,"href":"https:\/\/archivesquarantainearchief.be\/nl\/wp-json\/wp\/v2\/users\/6"}],"replies":[{"embeddable":true,"href":"https:\/\/archivesquarantainearchief.be\/nl\/wp-json\/wp\/v2\/comments?post=2694"}],"version-history":[{"count":6,"href":"https:\/\/archivesquarantainearchief.be\/nl\/wp-json\/wp\/v2\/posts\/2694\/revisions"}],"predecessor-version":[{"id":2778,"href":"https:\/\/archivesquarantainearchief.be\/nl\/wp-json\/wp\/v2\/posts\/2694\/revisions\/2778"}],"wp:featuredmedia":[{"embeddable":true,"href":"https:\/\/archivesquarantainearchief.be\/nl\/wp-json\/wp\/v2\/media\/2700"}],"wp:attachment":[{"href":"https:\/\/archivesquarantainearchief.be\/nl\/wp-json\/wp\/v2\/media?parent=2694"}],"wp:term":[{"taxonomy":"category","embeddable":true,"href":"https:\/\/archivesquarantainearchief.be\/nl\/wp-json\/wp\/v2\/categories?post=2694"},{"taxonomy":"post_tag","embeddable":true,"href":"https:\/\/archivesquarantainearchief.be\/nl\/wp-json\/wp\/v2\/tags?post=2694"}],"curies":[{"name":"wp","href":"https:\/\/api.w.org\/{rel}","templated":true}]}}